{"id":60801,"date":"2026-06-08T16:46:27","date_gmt":"2026-06-08T14:46:27","guid":{"rendered":"https:\/\/frontaliers-grandest.eu\/?p=60801"},"modified":"2026-08-28T08:50:44","modified_gmt":"2026-08-28T06:50:44","slug":"neuer-index-in-luxemburg-was-sich-fuer-grenzgaenger-aendert","status":"publish","type":"post","link":"https:\/\/frontaliers-grandest.eu\/de\/neuer-index-in-luxemburg-was-sich-fuer-grenzgaenger-aendert\/","title":{"rendered":"Neuer Index in Luxemburg: Was sich f\u00fcr Grenzg\u00e4nger \u00e4ndert"},"content":{"rendered":"\n<p class=\"wp-block-paragraph\">Gute Nachrichten f\u00fcr die rund 230.000 Grenzg\u00e4ngerinnen und Grenzg\u00e4nger, die in Luxemburg besch\u00e4ftigt sind. Mit dem Inkrafttreten einer neuen Indextranche zum 1. Juni 2026 werden L\u00f6hne, Renten und bestimmte Sozialleistungen um 2,5 % erh\u00f6ht.<\/p>\n\n\n\n<p class=\"wp-block-paragraph\">Die Indexierung ist ein symboltr\u00e4chtiger Bestandteil des luxemburgischen Sozialmodells. Sie erm\u00f6glicht die automatische Anpassung der Einkommen an die Entwicklung der Lebenshaltungskosten und tr\u00e4gt dazu bei, die Kaufkraft von Arbeitnehmern und Haushalten zu sichern.<\/p>\n\n\n\n<p class=\"wp-block-paragraph\">Nachfolgend finden Sie die wichtigsten \u00c4nderungen. Die in diesem Artikel genannten Betr\u00e4ge gelten ab dem 1. Juni 2026 bei einem Indexstand von 992,24.<\/p>\n\n\n\n<p class=\"wp-block-paragraph\"><strong><u>L\u00d6HNE<\/u><\/strong><\/p>\n\n\n\n<figure class=\"wp-block-table aligncenter\"><table class=\"has-fixed-layout\"><thead><tr><td><strong>Kategorie<\/strong><\/td><td><strong>Vor der Indexierung<\/strong><\/td><td><strong><br>Nach der Indexierung (1. Juni 2026)<\/strong><\/td><\/tr><\/thead><tbody><tr><td>Sozialer Mindestlohn f\u00fcr Ungelernte (ab 18 Jahren)<\/td><td>2.703,74 \u20ac\/Monat(15,6285 \u20ac\/Std)<\/td><td>2.771,33 \u20ac\/Monat (16,0192 \u20ac\/Std)<\/td><\/tr><tr><td>Sozialer Mindestlohn f\u00fcr Qualifizierte<\/td><td>3.244,48 \u20ac\/Monat(18,7542 \u20ac\/Std)<\/td><td>3.325,59 \u20ac\/Monat (19,2231 \u20ac\/Std)<\/td><\/tr><tr><td>Jugendliche von 17 bis 18 Jahren<\/td><td>2.162,99 \u20ac\/Monat(12,5028 \u20ac\/Std)<\/td><td>2.217,06 \u20ac\/Monat (12,8154 \u20ac\/Std)<\/td><\/tr><tr><td>Jugendliche von 15 bis 17 Jahren<\/td><td>2.027,80 \u20ac\/Monat (11,7214 \u20ac\/Std)<\/td><td>2.078,49 \u20ac\/Monat (12,0144 \u20ac\/Std)<\/td><\/tr><\/tbody><\/table><\/figure>\n\n\n\n<p class=\"wp-block-paragraph\"><strong><u>RENTEN<\/u><\/strong><\/p>\n\n\n\n<figure class=\"wp-block-table\"><table class=\"has-fixed-layout\"><thead><tr><td><strong>Mindestrente (bei einer vollst\u00e4ndigen Versicherungsdauer von 40 Jahren)<\/strong><\/td><td><strong><strong>Vor der Indexierung<\/strong><\/strong><\/td><td><strong><strong>Nach der Indexierung (1. Juni 2026)<\/strong><\/strong><\/td><\/tr><\/thead><tbody><tr><td>Monatlicher Betrag<\/td><td>2.376,62 \u20ac<\/td><td>2.436,04 \u20ac<\/td><\/tr><\/tbody><\/table><\/figure>\n\n\n\n<p class=\"wp-block-paragraph\"><strong><u>FAMILIENLEISTUNGEN<\/u><\/strong><\/p>\n\n\n\n<figure class=\"wp-block-table\"><table class=\"has-fixed-layout\"><thead><tr><td><strong>Kindergeld (f\u00fcr Kinder, die ab dem 1. August 2016 geboren wurden)<\/strong><\/td><td><strong><strong><strong>Vor der Indexierung<\/strong><\/strong><\/strong><\/td><td><strong><strong><strong>Nach der Indexierung (1. Juni 2026)<\/strong><\/strong><\/strong><\/td><\/tr><\/thead><tbody><tr><td>Grundbetrag<\/td><td>307,35 \u20ac<\/td><td>315,04 \u20ac<\/td><\/tr><tr><td>Kinder von 6 bis 11 Jahren<\/td><td>330,04 \u20ac (307,35 \u20ac + 23,23 \u20ac)<\/td><td>338,85 \u20ac (315,04\u20ac + 23,81\u20ac)<\/td><\/tr><tr><td>Kinder ab 12 Jahren<\/td><td>365,34 \u20ac (307,35 \u20ac + 57,99 \u20ac)<\/td><td>374,48 \u20ac (315,04 + 59,44\u20ac)<\/td><\/tr><\/tbody><\/table><\/figure>\n\n\n\n<p class=\"wp-block-paragraph\"><strong>ELTERNURLAUB<\/strong><\/p>\n\n\n\n<div class=\"wp-block-columns is-layout-flex wp-container-core-columns-is-layout-7387b849 wp-block-columns-is-layout-flex\">\n<div class=\"wp-block-column is-layout-flow wp-block-column-is-layout-flow\" style=\"flex-basis:100%\">\n<div class=\"wp-block-columns is-layout-flex wp-container-core-columns-is-layout-7387b849 wp-block-columns-is-layout-flex\">\n<div class=\"wp-block-column is-layout-flow wp-block-column-is-layout-flow\" style=\"flex-basis:100%\">\n<figure class=\"wp-block-table\"><table class=\"has-fixed-layout\"><tbody><tr><td><strong>Entsch\u00e4digung<\/strong><\/td><td><strong><strong><strong>Vor der Indexierung<\/strong><\/strong><\/strong><\/td><td><strong><strong><strong>Nach der Indexierung (1. Juni 2026)<\/strong><\/strong><\/strong><\/td><\/tr><tr><td>Mindestbetrag<\/td><td>2.703,74 \u20ac<\/td><td>2.771,33 \u20ac<\/td><\/tr><tr><td>H\u00f6chstbetrag<\/td><td>4.506,23 \u20ac<\/td><td>4.618,88 \u20ac<\/td><\/tr><\/tbody><\/table><\/figure>\n<\/div>\n<\/div>\n<\/div>\n<\/div>\n\n\n\n<p class=\"wp-block-paragraph\">F\u00fcr weitere Informationen zu den neuen geltenden Betr\u00e4gen k\u00f6nnen Sie die <a href=\"https:\/\/m3s.gouvernement.lu\/de\/publications.html\" target=\"_blank\" rel=\"noreferrer noopener\">ausf\u00fchrlichen Sozialparameter einsehen, die vom luxemburgischen Ministerium f\u00fcr soziale Sicherheit<\/a> ver\u00f6ffentlicht wurden. <\/p>\n","protected":false},"excerpt":{"rendered":"<p>Erh\u00f6hung der L\u00f6hne, Renten und bestimmter Sozialleistungen!<\/p>\n","protected":false},"author":12,"featured_media":60797,"comment_status":"closed","ping_status":"open","sticky":false,"template":"","format":"standard","meta":{"inline_featured_image":false,"footnotes":""},"categories":[605],"tags":[461,854,517,454,458,460,690,653],"frge_profile":[225],"class_list":["post-60801","post","type-post","status-publish","format-standard","has-post-thumbnail","hentry","category-arbeitsrecht","tag-arbeitnehmer","tag-familienbeihilfen","tag-grengaenger","tag-luxemburg","tag-pension-de","tag-rente","tag-sozialversicherung","tag-urlaub","frge_profile-arbeitnehmer"],"yoast_head":"<!-- This site is optimized with the Yoast SEO plugin v28.0 - https:\/\/yoast.com\/product\/yoast-seo-wordpress\/ -->\n<title>Index Luxemburg 2026: +2,5 % auf L\u00f6hne und Renten<\/title>\n<meta name=\"description\" content=\"Neue Indextranche zum 1. Juni 2026: L\u00f6hne, Renten und Kindergeld in Luxemburg steigen um 2,5 %. Alle neuen Betr\u00e4ge im \u00dcberblick, inkl. Mindestlohn.\" \/>\n<meta name=\"robots\" content=\"index, follow, max-snippet:-1, max-image-preview:large, max-video-preview:-1\" \/>\n<link rel=\"canonical\" href=\"https:\/\/frontaliers-grandest.eu\/de\/neuer-index-in-luxemburg-was-sich-fuer-grenzgaenger-aendert\/\" \/>\n<meta property=\"og:locale\" content=\"de_DE\" \/>\n<meta property=\"og:type\" content=\"article\" \/>\n<meta property=\"og:title\" content=\"Index Luxemburg 2026: +2,5 % auf L\u00f6hne und Renten\" \/>\n<meta property=\"og:description\" content=\"Neue Indextranche zum 1. Juni 2026: L\u00f6hne, Renten und Kindergeld in Luxemburg steigen um 2,5 %. Alle neuen Betr\u00e4ge im \u00dcberblick, inkl. Mindestlohn.\" \/>\n<meta property=\"og:url\" content=\"https:\/\/frontaliers-grandest.eu\/de\/neuer-index-in-luxemburg-was-sich-fuer-grenzgaenger-aendert\/\" \/>\n<meta property=\"og:site_name\" content=\"Frontaliers Grand Est\" \/>\n<meta property=\"article:publisher\" content=\"https:\/\/www.facebook.com\/frontaliers.GR.EST\/?locale=fr_FR\" \/>\n<meta property=\"article:published_time\" content=\"2026-06-08T14:46:27+00:00\" \/>\n<meta property=\"article:modified_time\" content=\"2026-08-28T06:50:44+00:00\" \/>\n<meta property=\"og:image\" content=\"https:\/\/frontaliers-grandest.eu\/wp-content\/uploads\/2026\/06\/surprised-man-looking-his-phone.jpg\" \/>\n\t<meta property=\"og:image:width\" content=\"2500\" \/>\n\t<meta property=\"og:image:height\" content=\"1669\" \/>\n\t<meta property=\"og:image:type\" content=\"image\/jpeg\" \/>\n<meta name=\"author\" content=\"Alice Raguccia\" \/>\n<meta name=\"twitter:card\" content=\"summary_large_image\" \/>\n<meta name=\"twitter:label1\" content=\"Verfasst von\" \/>\n\t<meta name=\"twitter:data1\" content=\"Alice Raguccia\" \/>\n\t<meta name=\"twitter:label2\" content=\"Gesch\u00e4tzte Lesezeit\" \/>\n\t<meta name=\"twitter:data2\" content=\"2\u00a0Minuten\" \/>\n<script type=\"application\/ld+json\" class=\"yoast-schema-graph\">{\"@context\":\"https:\\\/\\\/schema.org\",\"@graph\":[{\"@type\":\"Article\",\"@id\":\"https:\\\/\\\/frontaliers-grandest.eu\\\/de\\\/neuer-index-in-luxemburg-was-sich-fuer-grenzgaenger-aendert\\\/#article\",\"isPartOf\":{\"@id\":\"https:\\\/\\\/frontaliers-grandest.eu\\\/de\\\/neuer-index-in-luxemburg-was-sich-fuer-grenzgaenger-aendert\\\/\"},\"author\":{\"name\":\"Alice Raguccia\",\"@id\":\"https:\\\/\\\/frontaliers-grandest.eu\\\/de\\\/#\\\/schema\\\/person\\\/cd08db0fc88b2d3ee32f7ce39fd20232\"},\"headline\":\"Neuer Index in Luxemburg: Was sich f\u00fcr Grenzg\u00e4nger \u00e4ndert\",\"datePublished\":\"2026-06-08T14:46:27+00:00\",\"dateModified\":\"2026-08-28T06:50:44+00:00\",\"mainEntityOfPage\":{\"@id\":\"https:\\\/\\\/frontaliers-grandest.eu\\\/de\\\/neuer-index-in-luxemburg-was-sich-fuer-grenzgaenger-aendert\\\/\"},\"wordCount\":235,\"publisher\":{\"@id\":\"https:\\\/\\\/frontaliers-grandest.eu\\\/de\\\/#organization\"},\"image\":{\"@id\":\"https:\\\/\\\/frontaliers-grandest.eu\\\/de\\\/neuer-index-in-luxemburg-was-sich-fuer-grenzgaenger-aendert\\\/#primaryimage\"},\"thumbnailUrl\":\"https:\\\/\\\/frontaliers-grandest.eu\\\/wp-content\\\/uploads\\\/2026\\\/06\\\/surprised-man-looking-his-phone.jpg\",\"keywords\":[\"Arbeitnehmer\",\"Familienbeihilfen\",\"Greng\u00e4nger\",\"Luxemburg\",\"Pension\",\"Rente\",\"Sozialversicherung\",\"Urlaub\"],\"articleSection\":[\"Arbeitsrecht\"],\"inLanguage\":\"de\"},{\"@type\":\"WebPage\",\"@id\":\"https:\\\/\\\/frontaliers-grandest.eu\\\/de\\\/neuer-index-in-luxemburg-was-sich-fuer-grenzgaenger-aendert\\\/\",\"url\":\"https:\\\/\\\/frontaliers-grandest.eu\\\/de\\\/neuer-index-in-luxemburg-was-sich-fuer-grenzgaenger-aendert\\\/\",\"name\":\"Index Luxemburg 2026: +2,5 % auf L\u00f6hne und Renten\",\"isPartOf\":{\"@id\":\"https:\\\/\\\/frontaliers-grandest.eu\\\/de\\\/#website\"},\"primaryImageOfPage\":{\"@id\":\"https:\\\/\\\/frontaliers-grandest.eu\\\/de\\\/neuer-index-in-luxemburg-was-sich-fuer-grenzgaenger-aendert\\\/#primaryimage\"},\"image\":{\"@id\":\"https:\\\/\\\/frontaliers-grandest.eu\\\/de\\\/neuer-index-in-luxemburg-was-sich-fuer-grenzgaenger-aendert\\\/#primaryimage\"},\"thumbnailUrl\":\"https:\\\/\\\/frontaliers-grandest.eu\\\/wp-content\\\/uploads\\\/2026\\\/06\\\/surprised-man-looking-his-phone.jpg\",\"datePublished\":\"2026-06-08T14:46:27+00:00\",\"dateModified\":\"2026-08-28T06:50:44+00:00\",\"description\":\"Neue Indextranche zum 1. Juni 2026: L\u00f6hne, Renten und Kindergeld in Luxemburg steigen um 2,5 %. Alle neuen Betr\u00e4ge im \u00dcberblick, inkl. Mindestlohn.\",\"inLanguage\":\"de\",\"potentialAction\":[{\"@type\":\"ReadAction\",\"target\":[\"https:\\\/\\\/frontaliers-grandest.eu\\\/de\\\/neuer-index-in-luxemburg-was-sich-fuer-grenzgaenger-aendert\\\/\"]}]},{\"@type\":\"ImageObject\",\"inLanguage\":\"de\",\"@id\":\"https:\\\/\\\/frontaliers-grandest.eu\\\/de\\\/neuer-index-in-luxemburg-was-sich-fuer-grenzgaenger-aendert\\\/#primaryimage\",\"url\":\"https:\\\/\\\/frontaliers-grandest.eu\\\/wp-content\\\/uploads\\\/2026\\\/06\\\/surprised-man-looking-his-phone.jpg\",\"contentUrl\":\"https:\\\/\\\/frontaliers-grandest.eu\\\/wp-content\\\/uploads\\\/2026\\\/06\\\/surprised-man-looking-his-phone.jpg\",\"width\":2500,\"height\":1669},{\"@type\":\"WebSite\",\"@id\":\"https:\\\/\\\/frontaliers-grandest.eu\\\/de\\\/#website\",\"url\":\"https:\\\/\\\/frontaliers-grandest.eu\\\/de\\\/\",\"name\":\"Frontaliers Grand Est\",\"description\":\"Le site ressource du travail frontalier\",\"publisher\":{\"@id\":\"https:\\\/\\\/frontaliers-grandest.eu\\\/de\\\/#organization\"},\"alternateName\":\"Frontaliers Grand Est\",\"potentialAction\":[{\"@type\":\"SearchAction\",\"target\":{\"@type\":\"EntryPoint\",\"urlTemplate\":\"https:\\\/\\\/frontaliers-grandest.eu\\\/de\\\/?s={search_term_string}\"},\"query-input\":{\"@type\":\"PropertyValueSpecification\",\"valueRequired\":true,\"valueName\":\"search_term_string\"}}],\"inLanguage\":\"de\"},{\"@type\":\"Organization\",\"@id\":\"https:\\\/\\\/frontaliers-grandest.eu\\\/de\\\/#organization\",\"name\":\"Frontaliers Grand Est\",\"alternateName\":\"Frontaliers Grand Est\",\"url\":\"https:\\\/\\\/frontaliers-grandest.eu\\\/de\\\/\",\"logo\":{\"@type\":\"ImageObject\",\"inLanguage\":\"de\",\"@id\":\"https:\\\/\\\/frontaliers-grandest.eu\\\/de\\\/#\\\/schema\\\/logo\\\/image\\\/\",\"url\":\"https:\\\/\\\/frontaliers-grandest.eu\\\/wp-content\\\/uploads\\\/2025\\\/07\\\/260328234_2966785176920310_3332838526503858160_n.jpg\",\"contentUrl\":\"https:\\\/\\\/frontaliers-grandest.eu\\\/wp-content\\\/uploads\\\/2025\\\/07\\\/260328234_2966785176920310_3332838526503858160_n.jpg\",\"width\":396,\"height\":396,\"caption\":\"Frontaliers Grand Est\"},\"image\":{\"@id\":\"https:\\\/\\\/frontaliers-grandest.eu\\\/de\\\/#\\\/schema\\\/logo\\\/image\\\/\"},\"sameAs\":[\"https:\\\/\\\/www.facebook.com\\\/frontaliers.GR.EST\\\/?locale=fr_FR\"]},{\"@type\":\"Person\",\"@id\":\"https:\\\/\\\/frontaliers-grandest.eu\\\/de\\\/#\\\/schema\\\/person\\\/cd08db0fc88b2d3ee32f7ce39fd20232\",\"name\":\"Alice Raguccia\",\"image\":{\"@type\":\"ImageObject\",\"inLanguage\":\"de\",\"@id\":\"https:\\\/\\\/secure.gravatar.com\\\/avatar\\\/530e1452c6970b265ef948765138cf3a3ffe9d6e4c4b208b64c4ed8f4f8eb4c0?s=96&d=mm&r=g\",\"url\":\"https:\\\/\\\/secure.gravatar.com\\\/avatar\\\/530e1452c6970b265ef948765138cf3a3ffe9d6e4c4b208b64c4ed8f4f8eb4c0?s=96&d=mm&r=g\",\"contentUrl\":\"https:\\\/\\\/secure.gravatar.com\\\/avatar\\\/530e1452c6970b265ef948765138cf3a3ffe9d6e4c4b208b64c4ed8f4f8eb4c0?s=96&d=mm&r=g\",\"caption\":\"Alice Raguccia\"}}]}<\/script>\n<!-- \/ Yoast SEO plugin. -->","yoast_head_json":{"title":"Index Luxemburg 2026: +2,5 % auf L\u00f6hne und Renten","description":"Neue Indextranche zum 1. Juni 2026: L\u00f6hne, Renten und Kindergeld in Luxemburg steigen um 2,5 %. Alle neuen Betr\u00e4ge im \u00dcberblick, inkl. Mindestlohn.","robots":{"index":"index","follow":"follow","max-snippet":"max-snippet:-1","max-image-preview":"max-image-preview:large","max-video-preview":"max-video-preview:-1"},"canonical":"https:\/\/frontaliers-grandest.eu\/de\/neuer-index-in-luxemburg-was-sich-fuer-grenzgaenger-aendert\/","og_locale":"de_DE","og_type":"article","og_title":"Index Luxemburg 2026: +2,5 % auf L\u00f6hne und Renten","og_description":"Neue Indextranche zum 1. Juni 2026: L\u00f6hne, Renten und Kindergeld in Luxemburg steigen um 2,5 %. Alle neuen Betr\u00e4ge im \u00dcberblick, inkl. Mindestlohn.","og_url":"https:\/\/frontaliers-grandest.eu\/de\/neuer-index-in-luxemburg-was-sich-fuer-grenzgaenger-aendert\/","og_site_name":"Frontaliers Grand Est","article_publisher":"https:\/\/www.facebook.com\/frontaliers.GR.EST\/?locale=fr_FR","article_published_time":"2026-06-08T14:46:27+00:00","article_modified_time":"2026-08-28T06:50:44+00:00","og_image":[{"width":2500,"height":1669,"url":"https:\/\/frontaliers-grandest.eu\/wp-content\/uploads\/2026\/06\/surprised-man-looking-his-phone.jpg","type":"image\/jpeg"}],"author":"Alice Raguccia","twitter_card":"summary_large_image","twitter_misc":{"Verfasst von":"Alice Raguccia","Gesch\u00e4tzte Lesezeit":"2\u00a0Minuten"},"schema":{"@context":"https:\/\/schema.org","@graph":[{"@type":"Article","@id":"https:\/\/frontaliers-grandest.eu\/de\/neuer-index-in-luxemburg-was-sich-fuer-grenzgaenger-aendert\/#article","isPartOf":{"@id":"https:\/\/frontaliers-grandest.eu\/de\/neuer-index-in-luxemburg-was-sich-fuer-grenzgaenger-aendert\/"},"author":{"name":"Alice Raguccia","@id":"https:\/\/frontaliers-grandest.eu\/de\/#\/schema\/person\/cd08db0fc88b2d3ee32f7ce39fd20232"},"headline":"Neuer Index in Luxemburg: Was sich f\u00fcr Grenzg\u00e4nger \u00e4ndert","datePublished":"2026-06-08T14:46:27+00:00","dateModified":"2026-08-28T06:50:44+00:00","mainEntityOfPage":{"@id":"https:\/\/frontaliers-grandest.eu\/de\/neuer-index-in-luxemburg-was-sich-fuer-grenzgaenger-aendert\/"},"wordCount":235,"publisher":{"@id":"https:\/\/frontaliers-grandest.eu\/de\/#organization"},"image":{"@id":"https:\/\/frontaliers-grandest.eu\/de\/neuer-index-in-luxemburg-was-sich-fuer-grenzgaenger-aendert\/#primaryimage"},"thumbnailUrl":"https:\/\/frontaliers-grandest.eu\/wp-content\/uploads\/2026\/06\/surprised-man-looking-his-phone.jpg","keywords":["Arbeitnehmer","Familienbeihilfen","Greng\u00e4nger","Luxemburg","Pension","Rente","Sozialversicherung","Urlaub"],"articleSection":["Arbeitsrecht"],"inLanguage":"de"},{"@type":"WebPage","@id":"https:\/\/frontaliers-grandest.eu\/de\/neuer-index-in-luxemburg-was-sich-fuer-grenzgaenger-aendert\/","url":"https:\/\/frontaliers-grandest.eu\/de\/neuer-index-in-luxemburg-was-sich-fuer-grenzgaenger-aendert\/","name":"Index Luxemburg 2026: +2,5 % auf L\u00f6hne und Renten","isPartOf":{"@id":"https:\/\/frontaliers-grandest.eu\/de\/#website"},"primaryImageOfPage":{"@id":"https:\/\/frontaliers-grandest.eu\/de\/neuer-index-in-luxemburg-was-sich-fuer-grenzgaenger-aendert\/#primaryimage"},"image":{"@id":"https:\/\/frontaliers-grandest.eu\/de\/neuer-index-in-luxemburg-was-sich-fuer-grenzgaenger-aendert\/#primaryimage"},"thumbnailUrl":"https:\/\/frontaliers-grandest.eu\/wp-content\/uploads\/2026\/06\/surprised-man-looking-his-phone.jpg","datePublished":"2026-06-08T14:46:27+00:00","dateModified":"2026-08-28T06:50:44+00:00","description":"Neue Indextranche zum 1. Juni 2026: L\u00f6hne, Renten und Kindergeld in Luxemburg steigen um 2,5 %. Alle neuen Betr\u00e4ge im \u00dcberblick, inkl. Mindestlohn.","inLanguage":"de","potentialAction":[{"@type":"ReadAction","target":["https:\/\/frontaliers-grandest.eu\/de\/neuer-index-in-luxemburg-was-sich-fuer-grenzgaenger-aendert\/"]}]},{"@type":"ImageObject","inLanguage":"de","@id":"https:\/\/frontaliers-grandest.eu\/de\/neuer-index-in-luxemburg-was-sich-fuer-grenzgaenger-aendert\/#primaryimage","url":"https:\/\/frontaliers-grandest.eu\/wp-content\/uploads\/2026\/06\/surprised-man-looking-his-phone.jpg","contentUrl":"https:\/\/frontaliers-grandest.eu\/wp-content\/uploads\/2026\/06\/surprised-man-looking-his-phone.jpg","width":2500,"height":1669},{"@type":"WebSite","@id":"https:\/\/frontaliers-grandest.eu\/de\/#website","url":"https:\/\/frontaliers-grandest.eu\/de\/","name":"Frontaliers Grand Est","description":"Le site ressource du travail frontalier","publisher":{"@id":"https:\/\/frontaliers-grandest.eu\/de\/#organization"},"alternateName":"Frontaliers Grand Est","potentialAction":[{"@type":"SearchAction","target":{"@type":"EntryPoint","urlTemplate":"https:\/\/frontaliers-grandest.eu\/de\/?s={search_term_string}"},"query-input":{"@type":"PropertyValueSpecification","valueRequired":true,"valueName":"search_term_string"}}],"inLanguage":"de"},{"@type":"Organization","@id":"https:\/\/frontaliers-grandest.eu\/de\/#organization","name":"Frontaliers Grand Est","alternateName":"Frontaliers Grand Est","url":"https:\/\/frontaliers-grandest.eu\/de\/","logo":{"@type":"ImageObject","inLanguage":"de","@id":"https:\/\/frontaliers-grandest.eu\/de\/#\/schema\/logo\/image\/","url":"https:\/\/frontaliers-grandest.eu\/wp-content\/uploads\/2025\/07\/260328234_2966785176920310_3332838526503858160_n.jpg","contentUrl":"https:\/\/frontaliers-grandest.eu\/wp-content\/uploads\/2025\/07\/260328234_2966785176920310_3332838526503858160_n.jpg","width":396,"height":396,"caption":"Frontaliers Grand Est"},"image":{"@id":"https:\/\/frontaliers-grandest.eu\/de\/#\/schema\/logo\/image\/"},"sameAs":["https:\/\/www.facebook.com\/frontaliers.GR.EST\/?locale=fr_FR"]},{"@type":"Person","@id":"https:\/\/frontaliers-grandest.eu\/de\/#\/schema\/person\/cd08db0fc88b2d3ee32f7ce39fd20232","name":"Alice Raguccia","image":{"@type":"ImageObject","inLanguage":"de","@id":"https:\/\/secure.gravatar.com\/avatar\/530e1452c6970b265ef948765138cf3a3ffe9d6e4c4b208b64c4ed8f4f8eb4c0?s=96&d=mm&r=g","url":"https:\/\/secure.gravatar.com\/avatar\/530e1452c6970b265ef948765138cf3a3ffe9d6e4c4b208b64c4ed8f4f8eb4c0?s=96&d=mm&r=g","contentUrl":"https:\/\/secure.gravatar.com\/avatar\/530e1452c6970b265ef948765138cf3a3ffe9d6e4c4b208b64c4ed8f4f8eb4c0?s=96&d=mm&r=g","caption":"Alice Raguccia"}}]}},"_links":{"self":[{"href":"https:\/\/frontaliers-grandest.eu\/de\/wp-json\/wp\/v2\/posts\/60801","targetHints":{"allow":["GET"]}}],"collection":[{"href":"https:\/\/frontaliers-grandest.eu\/de\/wp-json\/wp\/v2\/posts"}],"about":[{"href":"https:\/\/frontaliers-grandest.eu\/de\/wp-json\/wp\/v2\/types\/post"}],"author":[{"embeddable":true,"href":"https:\/\/frontaliers-grandest.eu\/de\/wp-json\/wp\/v2\/users\/12"}],"replies":[{"embeddable":true,"href":"https:\/\/frontaliers-grandest.eu\/de\/wp-json\/wp\/v2\/comments?post=60801"}],"version-history":[{"count":10,"href":"https:\/\/frontaliers-grandest.eu\/de\/wp-json\/wp\/v2\/posts\/60801\/revisions"}],"predecessor-version":[{"id":60812,"href":"https:\/\/frontaliers-grandest.eu\/de\/wp-json\/wp\/v2\/posts\/60801\/revisions\/60812"}],"wp:featuredmedia":[{"embeddable":true,"href":"https:\/\/frontaliers-grandest.eu\/de\/wp-json\/wp\/v2\/media\/60797"}],"wp:attachment":[{"href":"https:\/\/frontaliers-grandest.eu\/de\/wp-json\/wp\/v2\/media?parent=60801"}],"wp:term":[{"taxonomy":"category","embeddable":true,"href":"https:\/\/frontaliers-grandest.eu\/de\/wp-json\/wp\/v2\/categories?post=60801"},{"taxonomy":"post_tag","embeddable":true,"href":"https:\/\/frontaliers-grandest.eu\/de\/wp-json\/wp\/v2\/tags?post=60801"},{"taxonomy":"frge_profile","embeddable":true,"href":"https:\/\/frontaliers-grandest.eu\/de\/wp-json\/wp\/v2\/frge_profile?post=60801"}],"curies":[{"name":"wp","href":"https:\/\/api.w.org\/{rel}","templated":true}]}}