{"id":59505,"date":"2026-04-27T12:40:34","date_gmt":"2026-04-27T10:40:34","guid":{"rendered":"https:\/\/frontaliers-grandest.eu\/?p=59505"},"modified":"2026-04-27T12:40:35","modified_gmt":"2026-04-27T10:40:35","slug":"der-unterschied-zwischen-dem-begriff-des-steuerlichen-wohnsitzes-und-dem-des-verwaltungswohnsitzes","status":"publish","type":"post","link":"https:\/\/frontaliers-grandest.eu\/de\/der-unterschied-zwischen-dem-begriff-des-steuerlichen-wohnsitzes-und-dem-des-verwaltungswohnsitzes\/","title":{"rendered":"Der Unterschied zwischen dem Begriff des steuerlichen Wohnsitzes und dem des Verwaltungswohnsitzes"},"content":{"rendered":"\n<p>F\u00fcr Grenzg\u00e4nger im \u00f6ffentlichen Dienst kann die Verwechslung dieser beiden Begriffe teuer werden. Es ist wichtig, sie zu unterscheiden, um steuerliche Fehler wie eine Doppelbesteuerung zu vermeiden. Andererseits erm\u00f6glicht die Kenntnis des Verwaltungswohnsitzes eine bessere Optimierung der eigenen steuerlichen Situation, da er Auswirkungen auf die Erstattung von beruflichen Ausgaben haben kann.<\/p>\n\n\n\n<p>Der steuerliche Wohnsitz ist die rechtliche Verbindung, die eine Person mit einem Staat f\u00fcr die Bestimmung ihrer Besteuerung verkn\u00fcpft. Der Begriff des Verwaltungswohnsitzes hingegen bestimmt den Ort, an dem sich die Hauptdienststelle eines \u00f6ffentlichen Bediensteten befindet.<\/p>\n\n\n\n<div class=\"wp-block-frontaliers-grandest-plugin-frge-accordion-block\"><div class=\"accordion-top\"><h4 class=\"accordion-title\"><strong>Der Begriff des steuerlichen Wohnsitzes<\/strong><\/h4><svg viewBox=\"0 0 24 24\" stroke-width=\"1.5\" fill=\"none\" xmlns=\"http:\/\/www.w3.org\/2000\/svg\" class=\"accordion-top__icon\"><path d=\"M3 12L21 12M21 12L12.5 3.5M21 12L12.5 20.5\" stroke-width=\"1.5\" stroke-linecap=\"round\" stroke-linejoin=\"round\"><\/path><\/svg><\/div><div class=\"accordion-content\">\n<p>Dies ist das Kriterium, das bestimmt, in welchem Staat Sie steuerpflichtig sind. Selbst wenn Sie im Ausland arbeiten, betrachtet die franz\u00f6sische Steuerverwaltung Ihren steuerlichen Wohnsitz als in Frankreich gelegen, wenn Sie eines der folgenden Kriterien erf\u00fcllen:<\/p>\n\n\n\n<ol class=\"wp-block-list\">\n<li><strong>Ein Lebensmittelpunkt in Frankreich<\/strong><br>Ihr steuerlicher Wohnsitz befindet sich in Frankreich, wenn sich der gew\u00f6hnliche Aufenthaltsort Ihres Haushalts in diesem Land befindet. Die Steuerverwaltung ber\u00fccksichtigt dabei Ihren Haushalt, einschlie\u00dflich Ihres Ehepartners (verheiratet, in einer eingetragenen Partnerschaft oder Lebensgemeinschaft) sowie Ihrer Kinder.<br><\/li>\n\n\n\n<li><strong>Frankreich ist Ihr Hauptarbeitsort oder der Mittelpunkt Ihrer wirtschaftlichen Interessen<\/strong><br><br>Ihr steuerlicher Wohnsitz befindet sich in Frankreich, wenn Sie dort Ihre Hauptt\u00e4tigkeit aus\u00fcben. Dies ist die T\u00e4tigkeit, der Sie die meiste Zeit widmen oder die Ihnen den gr\u00f6\u00dften Teil Ihrer Eink\u00fcnfte verschafft. Wenn Sie mehrere T\u00e4tigkeiten aus\u00fcben, wird die Hauptt\u00e4tigkeit ber\u00fccksichtigt.<br><br>Dar\u00fcber hinaus gilt Ihr steuerlicher Wohnsitz als in Frankreich gelegen, wenn sich dort die meisten Ihrer Investitionen befinden.<br><\/li>\n\n\n\n<li><strong>Ihr gew\u00f6hnlicher Aufenthalt befindet sich in Frankreich<\/strong><br><br>Ihr Wohnsitz befindet sich in Frankreich, wenn dies der Ort Ihres gew\u00f6hnlichen und haupts\u00e4chlichen Aufenthalts ist, d. h. wenn Sie sich dort mindestens 183 Tage (mehr als 6 Monate) pro Jahr aufhalten.<\/li>\n<\/ol>\n\n\n\n<p><strong>Wichtig:<\/strong> Diese Kriterien sind alternativ. Das Erf\u00fcllen eines einzigen Kriteriums reicht aus, um Ihren steuerlichen Wohnsitz in Frankreich zu begr\u00fcnden.<br>Ein zwischen Frankreich und einem anderen Staat abgeschlossenes internationales Abkommen kann abweichende Regelungen vorsehen. Die Liste der von Frankreich abgeschlossenen Steuerabkommen finden Sie unter: <a href=\"https:\/\/www.impots.gouv.fr\/les-conventions-internationales\" target=\"_blank\" rel=\"noreferrer noopener\">Les conventions internationales | impots.gouv.fr<\/a><\/p>\n<\/div><\/div>\n\n\n\n<div class=\"wp-block-frontaliers-grandest-plugin-frge-accordion-block\"><div class=\"accordion-top\"><h4 class=\"accordion-title\"><strong>Der Verwaltungswohnsitz<\/strong><\/h4><svg viewBox=\"0 0 24 24\" stroke-width=\"1.5\" fill=\"none\" xmlns=\"http:\/\/www.w3.org\/2000\/svg\" class=\"accordion-top__icon\"><path d=\"M3 12L21 12M21 12L12.5 3.5M21 12L12.5 20.5\" stroke-width=\"1.5\" stroke-linecap=\"round\" stroke-linejoin=\"round\"><\/path><\/svg><\/div><div class=\"accordion-content\">\n<p>Im \u00f6ffentlichen Dienst wird der Begriff des Verwaltungswohnsitzes h\u00e4ufig mit dem pers\u00f6nlichen Wohnsitz oder dem steuerlichen Wohnsitz verwechselt.<\/p>\n\n\n\n<p>Der Verwaltungswohnsitz entspricht per Definition dem Gebiet der Gemeinde, in der sich haupts\u00e4chlich die Dienststelle befindet, der der Beamte zugewiesen ist. Wenn ein Personalverwaltungszentrum oder das Nationale Zentrum f\u00fcr den \u00f6ffentlichen Dienst der Gebietsk\u00f6rperschaften (CNFPT) die Betreuung eines Beamten \u00fcbernimmt, entspricht der Verwaltungswohnsitz dem Sitz dieses Verwaltungszentrums oder dem Sitz der regionalen bzw. interdepartementalen Delegationen des CNFPT.<\/p>\n\n\n\n<p>Im Gegensatz zum steuerlichen Wohnsitz, der den Staat bestimmt, der f\u00fcr die Besteuerung zust\u00e4ndig ist, bezieht sich der Verwaltungswohnsitz ausschlie\u00dflich auf den Ort der beruflichen T\u00e4tigkeit. Er hat keinen direkten Einfluss auf die Steuerfestsetzung.<\/p>\n\n\n\n<p>Er spielt jedoch eine wesentliche Rolle bei der Bestimmung der Erstattung von Reisekosten.<\/p>\n\n\n\n<p>Wenn Sie eine Fahrt zwischen Ihrem Wohnort und Ihrem Verwaltungswohnsitz durchf\u00fchren, handelt es sich um einen Arbeitsweg, der grunds\u00e4tzlich von Ihnen selbst zu tragen ist (gegebenenfalls mit teilweiser Erstattung gem\u00e4\u00df den geltenden Regelungen).<\/p>\n\n\n\n<p>Eine Fahrt hingegen, die aus dienstlichen Gr\u00fcnden au\u00dferhalb Ihres Verwaltungswohnsitzes erfolgt, kann als Dienstreise eingestuft werden und somit Anspruch auf Reisekostenerstattung gem\u00e4\u00df den geltenden Vorschriften begr\u00fcnden.<\/p>\n\n\n\n<p><strong>Beispiel:<\/strong><\/p>\n\n\n\n<p>Sie sind ein Beamter mit Wohnsitz in Metz und einer Dienststelle in Luxemburg zugewiesen.<\/p>\n\n\n\n<p>Ihr steuerlicher Wohnsitz muss anhand der oben genannten Kriterien sowie gegebenenfalls des deutsch-franz\u00f6sischen Steuerabkommens bestimmt werden, das festlegt, welcher Staat f\u00fcr die Besteuerung Ihrer Eink\u00fcnfte zust\u00e4ndig ist und wie eine Doppelbesteuerung vermieden wird. In bestimmten F\u00e4llen kann weiterhin eine Steuererkl\u00e4rung in Frankreich erforderlich sein, insbesondere zur Berechnung des effektiven Steuersatzes.<\/p>\n\n\n\n<p>Ihr Verwaltungswohnsitz entspricht dem Ort Ihrer Hauptdienststelle, also Ihrer Dienststelle in Luxemburg.<\/p>\n\n\n\n<p>Wenn Sie eine Fahrt zwischen Ihrem Wohnort (Metz) und Ihrer Dienststelle unternehmen, handelt es sich um einen Arbeitsweg. Wenn Sie hingegen aus dienstlichen Gr\u00fcnden von Ihrem Verwaltungswohnsitz in eine andere Gemeinde reisen m\u00fcssen, kann diese Fahrt als Dienstreise gelten und unter den geltenden Bedingungen eine Kostenerstattung ausl\u00f6sen.<\/p>\n<\/div><\/div>\n\n\n\n<p><\/p>\n","protected":false},"excerpt":{"rendered":"<p>Informieren Sie sich.<\/p>\n","protected":false},"author":35,"featured_media":59501,"comment_status":"closed","ping_status":"open","sticky":false,"template":"","format":"standard","meta":{"inline_featured_image":false,"footnotes":""},"categories":[586],"tags":[465,461,445,448,517],"frge_profile":[],"class_list":["post-59505","post","type-post","status-publish","format-standard","has-post-thumbnail","hentry","category-besteuerung","tag-arbeit","tag-arbeitnehmer","tag-besteuerung","tag-frankreich","tag-grengaenger"],"yoast_head":"<!-- This site is optimized with the Yoast SEO plugin v27.1.1 - https:\/\/yoast.com\/product\/yoast-seo-wordpress\/ -->\n<title>Der Unterschied zwischen dem Begriff des steuerlichen Wohnsitzes und dem des Verwaltungswohnsitzes - Frontaliers Grand Est<\/title>\n<meta name=\"description\" content=\"Entdecken Sie den Unterschied zwischen steuerlichem Wohnsitz und Verwaltungswohnsitz f\u00fcr Grenzbeamte sowie deren Auswirkungen auf die Besteuerung und die beruflichen Ausgaben.\" \/>\n<meta name=\"robots\" content=\"index, follow, max-snippet:-1, max-image-preview:large, max-video-preview:-1\" \/>\n<link rel=\"canonical\" href=\"https:\/\/frontaliers-grandest.eu\/de\/der-unterschied-zwischen-dem-begriff-des-steuerlichen-wohnsitzes-und-dem-des-verwaltungswohnsitzes\/\" \/>\n<meta property=\"og:locale\" content=\"de_DE\" \/>\n<meta property=\"og:type\" content=\"article\" \/>\n<meta property=\"og:title\" content=\"Der Unterschied zwischen dem Begriff des steuerlichen Wohnsitzes und dem des Verwaltungswohnsitzes - Frontaliers Grand Est\" \/>\n<meta property=\"og:description\" content=\"Entdecken Sie den Unterschied zwischen steuerlichem Wohnsitz und Verwaltungswohnsitz f\u00fcr Grenzbeamte sowie deren Auswirkungen auf die Besteuerung und die beruflichen Ausgaben.\" \/>\n<meta property=\"og:url\" content=\"https:\/\/frontaliers-grandest.eu\/de\/der-unterschied-zwischen-dem-begriff-des-steuerlichen-wohnsitzes-und-dem-des-verwaltungswohnsitzes\/\" \/>\n<meta property=\"og:site_name\" content=\"Frontaliers Grand Est\" \/>\n<meta property=\"article:publisher\" content=\"https:\/\/www.facebook.com\/frontaliers.GR.EST\/?locale=fr_FR\" \/>\n<meta property=\"article:published_time\" content=\"2026-04-27T10:40:34+00:00\" \/>\n<meta property=\"article:modified_time\" content=\"2026-04-27T10:40:35+00:00\" \/>\n<meta property=\"og:image\" content=\"https:\/\/frontaliers-grandest.eu\/wp-content\/uploads\/2026\/04\/corporate-team-joining-forces-create-global-investment-strategy-1-scaled.jpg\" \/>\n\t<meta property=\"og:image:width\" content=\"2560\" \/>\n\t<meta property=\"og:image:height\" content=\"1707\" \/>\n\t<meta property=\"og:image:type\" content=\"image\/jpeg\" \/>\n<meta name=\"author\" content=\"Souad Ben Bouazza\" \/>\n<meta name=\"twitter:card\" content=\"summary_large_image\" \/>\n<meta name=\"twitter:label1\" content=\"Verfasst von\" \/>\n\t<meta name=\"twitter:data1\" content=\"Souad Ben Bouazza\" \/>\n\t<meta name=\"twitter:label2\" content=\"Gesch\u00e4tzte Lesezeit\" \/>\n\t<meta name=\"twitter:data2\" content=\"4\u00a0Minuten\" \/>\n<script type=\"application\/ld+json\" class=\"yoast-schema-graph\">{\"@context\":\"https:\/\/schema.org\",\"@graph\":[{\"@type\":\"Article\",\"@id\":\"https:\/\/frontaliers-grandest.eu\/de\/der-unterschied-zwischen-dem-begriff-des-steuerlichen-wohnsitzes-und-dem-des-verwaltungswohnsitzes\/#article\",\"isPartOf\":{\"@id\":\"https:\/\/frontaliers-grandest.eu\/de\/der-unterschied-zwischen-dem-begriff-des-steuerlichen-wohnsitzes-und-dem-des-verwaltungswohnsitzes\/\"},\"author\":{\"name\":\"Souad Ben Bouazza\",\"@id\":\"https:\/\/frontaliers-grandest.eu\/de\/#\/schema\/person\/5da130a8ec7d642520d9767447c7e356\"},\"headline\":\"Der Unterschied zwischen dem Begriff des steuerlichen Wohnsitzes und dem des Verwaltungswohnsitzes\",\"datePublished\":\"2026-04-27T10:40:34+00:00\",\"dateModified\":\"2026-04-27T10:40:35+00:00\",\"mainEntityOfPage\":{\"@id\":\"https:\/\/frontaliers-grandest.eu\/de\/der-unterschied-zwischen-dem-begriff-des-steuerlichen-wohnsitzes-und-dem-des-verwaltungswohnsitzes\/\"},\"wordCount\":692,\"publisher\":{\"@id\":\"https:\/\/frontaliers-grandest.eu\/de\/#organization\"},\"image\":{\"@id\":\"https:\/\/frontaliers-grandest.eu\/de\/der-unterschied-zwischen-dem-begriff-des-steuerlichen-wohnsitzes-und-dem-des-verwaltungswohnsitzes\/#primaryimage\"},\"thumbnailUrl\":\"https:\/\/frontaliers-grandest.eu\/wp-content\/uploads\/2026\/04\/corporate-team-joining-forces-create-global-investment-strategy-1-scaled.jpg\",\"keywords\":[\"Arbeit\",\"Arbeitnehmer\",\"Besteuerung\",\"Frankreich\",\"Greng\u00e4nger\"],\"articleSection\":[\"Besteuerung\"],\"inLanguage\":\"de\"},{\"@type\":\"WebPage\",\"@id\":\"https:\/\/frontaliers-grandest.eu\/de\/der-unterschied-zwischen-dem-begriff-des-steuerlichen-wohnsitzes-und-dem-des-verwaltungswohnsitzes\/\",\"url\":\"https:\/\/frontaliers-grandest.eu\/de\/der-unterschied-zwischen-dem-begriff-des-steuerlichen-wohnsitzes-und-dem-des-verwaltungswohnsitzes\/\",\"name\":\"Der Unterschied zwischen dem Begriff des steuerlichen Wohnsitzes und dem des Verwaltungswohnsitzes - Frontaliers Grand Est\",\"isPartOf\":{\"@id\":\"https:\/\/frontaliers-grandest.eu\/de\/#website\"},\"primaryImageOfPage\":{\"@id\":\"https:\/\/frontaliers-grandest.eu\/de\/der-unterschied-zwischen-dem-begriff-des-steuerlichen-wohnsitzes-und-dem-des-verwaltungswohnsitzes\/#primaryimage\"},\"image\":{\"@id\":\"https:\/\/frontaliers-grandest.eu\/de\/der-unterschied-zwischen-dem-begriff-des-steuerlichen-wohnsitzes-und-dem-des-verwaltungswohnsitzes\/#primaryimage\"},\"thumbnailUrl\":\"https:\/\/frontaliers-grandest.eu\/wp-content\/uploads\/2026\/04\/corporate-team-joining-forces-create-global-investment-strategy-1-scaled.jpg\",\"datePublished\":\"2026-04-27T10:40:34+00:00\",\"dateModified\":\"2026-04-27T10:40:35+00:00\",\"description\":\"Entdecken Sie den Unterschied zwischen steuerlichem Wohnsitz und Verwaltungswohnsitz f\u00fcr Grenzbeamte sowie deren Auswirkungen auf die Besteuerung und die beruflichen Ausgaben.\",\"inLanguage\":\"de\",\"potentialAction\":[{\"@type\":\"ReadAction\",\"target\":[\"https:\/\/frontaliers-grandest.eu\/de\/der-unterschied-zwischen-dem-begriff-des-steuerlichen-wohnsitzes-und-dem-des-verwaltungswohnsitzes\/\"]}]},{\"@type\":\"ImageObject\",\"inLanguage\":\"de\",\"@id\":\"https:\/\/frontaliers-grandest.eu\/de\/der-unterschied-zwischen-dem-begriff-des-steuerlichen-wohnsitzes-und-dem-des-verwaltungswohnsitzes\/#primaryimage\",\"url\":\"https:\/\/frontaliers-grandest.eu\/wp-content\/uploads\/2026\/04\/corporate-team-joining-forces-create-global-investment-strategy-1-scaled.jpg\",\"contentUrl\":\"https:\/\/frontaliers-grandest.eu\/wp-content\/uploads\/2026\/04\/corporate-team-joining-forces-create-global-investment-strategy-1-scaled.jpg\",\"width\":2560,\"height\":1707},{\"@type\":\"WebSite\",\"@id\":\"https:\/\/frontaliers-grandest.eu\/de\/#website\",\"url\":\"https:\/\/frontaliers-grandest.eu\/de\/\",\"name\":\"Frontaliers Grand Est\",\"description\":\"Le site ressource du travail frontalier\",\"publisher\":{\"@id\":\"https:\/\/frontaliers-grandest.eu\/de\/#organization\"},\"alternateName\":\"Frontaliers Grand Est\",\"potentialAction\":[{\"@type\":\"SearchAction\",\"target\":{\"@type\":\"EntryPoint\",\"urlTemplate\":\"https:\/\/frontaliers-grandest.eu\/de\/?s={search_term_string}\"},\"query-input\":{\"@type\":\"PropertyValueSpecification\",\"valueRequired\":true,\"valueName\":\"search_term_string\"}}],\"inLanguage\":\"de\"},{\"@type\":\"Organization\",\"@id\":\"https:\/\/frontaliers-grandest.eu\/de\/#organization\",\"name\":\"Frontaliers Grand Est\",\"alternateName\":\"Frontaliers Grand Est\",\"url\":\"https:\/\/frontaliers-grandest.eu\/de\/\",\"logo\":{\"@type\":\"ImageObject\",\"inLanguage\":\"de\",\"@id\":\"https:\/\/frontaliers-grandest.eu\/de\/#\/schema\/logo\/image\/\",\"url\":\"https:\/\/frontaliers-grandest.eu\/wp-content\/uploads\/2025\/07\/260328234_2966785176920310_3332838526503858160_n.jpg\",\"contentUrl\":\"https:\/\/frontaliers-grandest.eu\/wp-content\/uploads\/2025\/07\/260328234_2966785176920310_3332838526503858160_n.jpg\",\"width\":396,\"height\":396,\"caption\":\"Frontaliers Grand Est\"},\"image\":{\"@id\":\"https:\/\/frontaliers-grandest.eu\/de\/#\/schema\/logo\/image\/\"},\"sameAs\":[\"https:\/\/www.facebook.com\/frontaliers.GR.EST\/?locale=fr_FR\"]},{\"@type\":\"Person\",\"@id\":\"https:\/\/frontaliers-grandest.eu\/de\/#\/schema\/person\/5da130a8ec7d642520d9767447c7e356\",\"name\":\"Souad Ben Bouazza\",\"image\":{\"@type\":\"ImageObject\",\"inLanguage\":\"de\",\"@id\":\"https:\/\/frontaliers-grandest.eu\/de\/#\/schema\/person\/image\/\",\"url\":\"https:\/\/secure.gravatar.com\/avatar\/c573e2bcab4c7fb0731b230f2e14937dff5d5175a988ffb2e37ed71eca865322?s=96&d=mm&r=g\",\"contentUrl\":\"https:\/\/secure.gravatar.com\/avatar\/c573e2bcab4c7fb0731b230f2e14937dff5d5175a988ffb2e37ed71eca865322?s=96&d=mm&r=g\",\"caption\":\"Souad Ben Bouazza\"}}]}<\/script>\n<!-- \/ Yoast SEO plugin. -->","yoast_head_json":{"title":"Der Unterschied zwischen dem Begriff des steuerlichen Wohnsitzes und dem des Verwaltungswohnsitzes - Frontaliers Grand Est","description":"Entdecken Sie den Unterschied zwischen steuerlichem Wohnsitz und Verwaltungswohnsitz f\u00fcr Grenzbeamte sowie deren Auswirkungen auf die Besteuerung und die beruflichen Ausgaben.","robots":{"index":"index","follow":"follow","max-snippet":"max-snippet:-1","max-image-preview":"max-image-preview:large","max-video-preview":"max-video-preview:-1"},"canonical":"https:\/\/frontaliers-grandest.eu\/de\/der-unterschied-zwischen-dem-begriff-des-steuerlichen-wohnsitzes-und-dem-des-verwaltungswohnsitzes\/","og_locale":"de_DE","og_type":"article","og_title":"Der Unterschied zwischen dem Begriff des steuerlichen Wohnsitzes und dem des Verwaltungswohnsitzes - Frontaliers Grand Est","og_description":"Entdecken Sie den Unterschied zwischen steuerlichem Wohnsitz und Verwaltungswohnsitz f\u00fcr Grenzbeamte sowie deren Auswirkungen auf die Besteuerung und die beruflichen Ausgaben.","og_url":"https:\/\/frontaliers-grandest.eu\/de\/der-unterschied-zwischen-dem-begriff-des-steuerlichen-wohnsitzes-und-dem-des-verwaltungswohnsitzes\/","og_site_name":"Frontaliers Grand Est","article_publisher":"https:\/\/www.facebook.com\/frontaliers.GR.EST\/?locale=fr_FR","article_published_time":"2026-04-27T10:40:34+00:00","article_modified_time":"2026-04-27T10:40:35+00:00","og_image":[{"width":2560,"height":1707,"url":"https:\/\/frontaliers-grandest.eu\/wp-content\/uploads\/2026\/04\/corporate-team-joining-forces-create-global-investment-strategy-1-scaled.jpg","type":"image\/jpeg"}],"author":"Souad Ben Bouazza","twitter_card":"summary_large_image","twitter_misc":{"Verfasst von":"Souad Ben Bouazza","Gesch\u00e4tzte Lesezeit":"4\u00a0Minuten"},"schema":{"@context":"https:\/\/schema.org","@graph":[{"@type":"Article","@id":"https:\/\/frontaliers-grandest.eu\/de\/der-unterschied-zwischen-dem-begriff-des-steuerlichen-wohnsitzes-und-dem-des-verwaltungswohnsitzes\/#article","isPartOf":{"@id":"https:\/\/frontaliers-grandest.eu\/de\/der-unterschied-zwischen-dem-begriff-des-steuerlichen-wohnsitzes-und-dem-des-verwaltungswohnsitzes\/"},"author":{"name":"Souad Ben Bouazza","@id":"https:\/\/frontaliers-grandest.eu\/de\/#\/schema\/person\/5da130a8ec7d642520d9767447c7e356"},"headline":"Der Unterschied zwischen dem Begriff des steuerlichen Wohnsitzes und dem des Verwaltungswohnsitzes","datePublished":"2026-04-27T10:40:34+00:00","dateModified":"2026-04-27T10:40:35+00:00","mainEntityOfPage":{"@id":"https:\/\/frontaliers-grandest.eu\/de\/der-unterschied-zwischen-dem-begriff-des-steuerlichen-wohnsitzes-und-dem-des-verwaltungswohnsitzes\/"},"wordCount":692,"publisher":{"@id":"https:\/\/frontaliers-grandest.eu\/de\/#organization"},"image":{"@id":"https:\/\/frontaliers-grandest.eu\/de\/der-unterschied-zwischen-dem-begriff-des-steuerlichen-wohnsitzes-und-dem-des-verwaltungswohnsitzes\/#primaryimage"},"thumbnailUrl":"https:\/\/frontaliers-grandest.eu\/wp-content\/uploads\/2026\/04\/corporate-team-joining-forces-create-global-investment-strategy-1-scaled.jpg","keywords":["Arbeit","Arbeitnehmer","Besteuerung","Frankreich","Greng\u00e4nger"],"articleSection":["Besteuerung"],"inLanguage":"de"},{"@type":"WebPage","@id":"https:\/\/frontaliers-grandest.eu\/de\/der-unterschied-zwischen-dem-begriff-des-steuerlichen-wohnsitzes-und-dem-des-verwaltungswohnsitzes\/","url":"https:\/\/frontaliers-grandest.eu\/de\/der-unterschied-zwischen-dem-begriff-des-steuerlichen-wohnsitzes-und-dem-des-verwaltungswohnsitzes\/","name":"Der Unterschied zwischen dem Begriff des steuerlichen Wohnsitzes und dem des Verwaltungswohnsitzes - Frontaliers Grand Est","isPartOf":{"@id":"https:\/\/frontaliers-grandest.eu\/de\/#website"},"primaryImageOfPage":{"@id":"https:\/\/frontaliers-grandest.eu\/de\/der-unterschied-zwischen-dem-begriff-des-steuerlichen-wohnsitzes-und-dem-des-verwaltungswohnsitzes\/#primaryimage"},"image":{"@id":"https:\/\/frontaliers-grandest.eu\/de\/der-unterschied-zwischen-dem-begriff-des-steuerlichen-wohnsitzes-und-dem-des-verwaltungswohnsitzes\/#primaryimage"},"thumbnailUrl":"https:\/\/frontaliers-grandest.eu\/wp-content\/uploads\/2026\/04\/corporate-team-joining-forces-create-global-investment-strategy-1-scaled.jpg","datePublished":"2026-04-27T10:40:34+00:00","dateModified":"2026-04-27T10:40:35+00:00","description":"Entdecken Sie den Unterschied zwischen steuerlichem Wohnsitz und Verwaltungswohnsitz f\u00fcr Grenzbeamte sowie deren Auswirkungen auf die Besteuerung und die beruflichen Ausgaben.","inLanguage":"de","potentialAction":[{"@type":"ReadAction","target":["https:\/\/frontaliers-grandest.eu\/de\/der-unterschied-zwischen-dem-begriff-des-steuerlichen-wohnsitzes-und-dem-des-verwaltungswohnsitzes\/"]}]},{"@type":"ImageObject","inLanguage":"de","@id":"https:\/\/frontaliers-grandest.eu\/de\/der-unterschied-zwischen-dem-begriff-des-steuerlichen-wohnsitzes-und-dem-des-verwaltungswohnsitzes\/#primaryimage","url":"https:\/\/frontaliers-grandest.eu\/wp-content\/uploads\/2026\/04\/corporate-team-joining-forces-create-global-investment-strategy-1-scaled.jpg","contentUrl":"https:\/\/frontaliers-grandest.eu\/wp-content\/uploads\/2026\/04\/corporate-team-joining-forces-create-global-investment-strategy-1-scaled.jpg","width":2560,"height":1707},{"@type":"WebSite","@id":"https:\/\/frontaliers-grandest.eu\/de\/#website","url":"https:\/\/frontaliers-grandest.eu\/de\/","name":"Frontaliers Grand Est","description":"Le site ressource du travail frontalier","publisher":{"@id":"https:\/\/frontaliers-grandest.eu\/de\/#organization"},"alternateName":"Frontaliers Grand Est","potentialAction":[{"@type":"SearchAction","target":{"@type":"EntryPoint","urlTemplate":"https:\/\/frontaliers-grandest.eu\/de\/?s={search_term_string}"},"query-input":{"@type":"PropertyValueSpecification","valueRequired":true,"valueName":"search_term_string"}}],"inLanguage":"de"},{"@type":"Organization","@id":"https:\/\/frontaliers-grandest.eu\/de\/#organization","name":"Frontaliers Grand Est","alternateName":"Frontaliers Grand Est","url":"https:\/\/frontaliers-grandest.eu\/de\/","logo":{"@type":"ImageObject","inLanguage":"de","@id":"https:\/\/frontaliers-grandest.eu\/de\/#\/schema\/logo\/image\/","url":"https:\/\/frontaliers-grandest.eu\/wp-content\/uploads\/2025\/07\/260328234_2966785176920310_3332838526503858160_n.jpg","contentUrl":"https:\/\/frontaliers-grandest.eu\/wp-content\/uploads\/2025\/07\/260328234_2966785176920310_3332838526503858160_n.jpg","width":396,"height":396,"caption":"Frontaliers Grand Est"},"image":{"@id":"https:\/\/frontaliers-grandest.eu\/de\/#\/schema\/logo\/image\/"},"sameAs":["https:\/\/www.facebook.com\/frontaliers.GR.EST\/?locale=fr_FR"]},{"@type":"Person","@id":"https:\/\/frontaliers-grandest.eu\/de\/#\/schema\/person\/5da130a8ec7d642520d9767447c7e356","name":"Souad Ben Bouazza","image":{"@type":"ImageObject","inLanguage":"de","@id":"https:\/\/frontaliers-grandest.eu\/de\/#\/schema\/person\/image\/","url":"https:\/\/secure.gravatar.com\/avatar\/c573e2bcab4c7fb0731b230f2e14937dff5d5175a988ffb2e37ed71eca865322?s=96&d=mm&r=g","contentUrl":"https:\/\/secure.gravatar.com\/avatar\/c573e2bcab4c7fb0731b230f2e14937dff5d5175a988ffb2e37ed71eca865322?s=96&d=mm&r=g","caption":"Souad Ben Bouazza"}}]}},"_links":{"self":[{"href":"https:\/\/frontaliers-grandest.eu\/de\/wp-json\/wp\/v2\/posts\/59505","targetHints":{"allow":["GET"]}}],"collection":[{"href":"https:\/\/frontaliers-grandest.eu\/de\/wp-json\/wp\/v2\/posts"}],"about":[{"href":"https:\/\/frontaliers-grandest.eu\/de\/wp-json\/wp\/v2\/types\/post"}],"author":[{"embeddable":true,"href":"https:\/\/frontaliers-grandest.eu\/de\/wp-json\/wp\/v2\/users\/35"}],"replies":[{"embeddable":true,"href":"https:\/\/frontaliers-grandest.eu\/de\/wp-json\/wp\/v2\/comments?post=59505"}],"version-history":[{"count":1,"href":"https:\/\/frontaliers-grandest.eu\/de\/wp-json\/wp\/v2\/posts\/59505\/revisions"}],"predecessor-version":[{"id":59506,"href":"https:\/\/frontaliers-grandest.eu\/de\/wp-json\/wp\/v2\/posts\/59505\/revisions\/59506"}],"wp:featuredmedia":[{"embeddable":true,"href":"https:\/\/frontaliers-grandest.eu\/de\/wp-json\/wp\/v2\/media\/59501"}],"wp:attachment":[{"href":"https:\/\/frontaliers-grandest.eu\/de\/wp-json\/wp\/v2\/media?parent=59505"}],"wp:term":[{"taxonomy":"category","embeddable":true,"href":"https:\/\/frontaliers-grandest.eu\/de\/wp-json\/wp\/v2\/categories?post=59505"},{"taxonomy":"post_tag","embeddable":true,"href":"https:\/\/frontaliers-grandest.eu\/de\/wp-json\/wp\/v2\/tags?post=59505"},{"taxonomy":"frge_profile","embeddable":true,"href":"https:\/\/frontaliers-grandest.eu\/de\/wp-json\/wp\/v2\/frge_profile?post=59505"}],"curies":[{"name":"wp","href":"https:\/\/api.w.org\/{rel}","templated":true}]}}