{"id":59428,"date":"2026-04-24T15:26:17","date_gmt":"2026-04-24T13:26:17","guid":{"rendered":"https:\/\/frontaliers-grandest.eu\/?p=59428"},"modified":"2026-04-24T15:26:18","modified_gmt":"2026-04-24T13:26:18","slug":"wird-ki-wirklich-unsere-arbeitsplaetze-ersetzen","status":"publish","type":"post","link":"https:\/\/frontaliers-grandest.eu\/de\/wird-ki-wirklich-unsere-arbeitsplaetze-ersetzen\/","title":{"rendered":"Wird KI wirklich unsere Arbeitspl\u00e4tze ersetzen?"},"content":{"rendered":"\n<p>K\u00fcnstliche Intelligenz nimmt heute einen immer wichtigeren Platz in der Arbeitswelt ein. Sie ist sowohl in unserem Alltag als auch in unseren beruflichen Aufgaben zunehmend pr\u00e4sent und erm\u00f6glicht es, effizienter zu arbeiten, wirft jedoch gleichzeitig zahlreiche Fragen auf. \ud83e\udd16\u2753<\/p>\n\n\n\n<p>Laut einer aktuellen Studie von Moovijob ist fast jeder zweite Arbeitnehmer in Luxemburg (46 %) besorgt dar\u00fcber, dass KI seinen Arbeitsplatz ersetzen k\u00f6nnte. Eine verst\u00e4ndliche Sorge angesichts der schnellen Entwicklung dieser Technologien, deren F\u00e4higkeiten stetig zunehmen. <\/p>\n\n\n\n<p>In der Praxis erscheinen einige Berufe st\u00e4rker betroffen als andere, insbesondere in administrativen Bereichen, Callcentern oder auch im \u00dcbersetzungswesen. Dennoch d\u00fcrften die meisten Arbeitspl\u00e4tze nicht verschwinden, sondern sich vielmehr ver\u00e4ndern : Ein gro\u00dfer Teil der T\u00e4tigkeiten wird sich wandeln, was eine Anpassung der Kompetenzen und eine zunehmende Integration von KI in den Arbeitsalltag erfordert.<\/p>\n\n\n\n<p>Zudem bleiben viele Berufst\u00e4tige zuversichtlich, insbesondere in T\u00e4tigkeitsfeldern mit starkem menschlichem Bezug, wie der Bildung oder bestimmten praktischen Berufen. KI wird dabei sowohl als unterst\u00fctzendes Werkzeug als auch als Faktor des Wandels gesehen.<\/p>\n\n\n\n<p>Zwischen Sorgen und Chancen steht eines fest: Der Umgang mit diesen Technologien wird zu einem entscheidenden Faktor, um auf dem Arbeitsmarkt wettbewerbsf\u00e4hig zu bleiben. \ud83d\udcbc<\/p>\n\n\n\n<p>\ud83d\udc49 Um die gesamte Analyse, die wichtigsten Zahlen und Erfahrungsberichte zu entdecken, lesen Sie den vollst\u00e4ndigen Artikel auf Moovijob: <a href=\"https:\/\/de.moovijob.com\/blog\/artikel\/ist-ihr-job-durch-ki-gefahrdet\" target=\"_blank\" rel=\"noreferrer noopener\">Ist Ihr Job durch KI gef\u00e4hrdet?<\/a><\/p>\n","protected":false},"excerpt":{"rendered":"<p>Erfahren Sie mehr.<\/p>\n","protected":false},"author":4,"featured_media":59423,"comment_status":"closed","ping_status":"open","sticky":false,"template":"","format":"standard","meta":{"inline_featured_image":false,"footnotes":""},"categories":[578],"tags":[465,461,517,454],"frge_profile":[225],"class_list":["post-59428","post","type-post","status-publish","format-standard","has-post-thumbnail","hentry","category-arbeit","tag-arbeit","tag-arbeitnehmer","tag-grengaenger","tag-luxemburg","frge_profile-arbeitnehmer"],"yoast_head":"<!-- This site is optimized with the Yoast SEO plugin v27.1.1 - https:\/\/yoast.com\/product\/yoast-seo-wordpress\/ -->\n<title>Wird KI wirklich unsere Arbeitspl\u00e4tze ersetzen? - Frontaliers Grand Est<\/title>\n<meta name=\"description\" content=\"KI ver\u00e4ndert die Arbeitswelt 46 Prozent der luxemburgischen Arbeitnehmer sind besorgt \u00fcber ihre Auswirkungen Entdecken Sie die betroffenen Berufe und die kommenden Entwicklungen\" \/>\n<meta name=\"robots\" content=\"index, follow, max-snippet:-1, max-image-preview:large, max-video-preview:-1\" \/>\n<link rel=\"canonical\" href=\"https:\/\/frontaliers-grandest.eu\/de\/wird-ki-wirklich-unsere-arbeitsplaetze-ersetzen\/\" \/>\n<meta property=\"og:locale\" content=\"de_DE\" \/>\n<meta property=\"og:type\" content=\"article\" \/>\n<meta property=\"og:title\" content=\"Wird KI wirklich unsere Arbeitspl\u00e4tze ersetzen? - Frontaliers Grand Est\" \/>\n<meta property=\"og:description\" content=\"KI ver\u00e4ndert die Arbeitswelt 46 Prozent der luxemburgischen Arbeitnehmer sind besorgt \u00fcber ihre Auswirkungen Entdecken Sie die betroffenen Berufe und die kommenden Entwicklungen\" \/>\n<meta property=\"og:url\" content=\"https:\/\/frontaliers-grandest.eu\/de\/wird-ki-wirklich-unsere-arbeitsplaetze-ersetzen\/\" \/>\n<meta property=\"og:site_name\" content=\"Frontaliers Grand Est\" \/>\n<meta property=\"article:publisher\" content=\"https:\/\/www.facebook.com\/frontaliers.GR.EST\/?locale=fr_FR\" \/>\n<meta property=\"article:published_time\" content=\"2026-04-24T13:26:17+00:00\" \/>\n<meta property=\"article:modified_time\" content=\"2026-04-24T13:26:18+00:00\" \/>\n<meta property=\"og:image\" content=\"https:\/\/frontaliers-grandest.eu\/wp-content\/uploads\/2026\/04\/graphic-designer-sitting-desk-1-scaled.jpg\" \/>\n\t<meta property=\"og:image:width\" content=\"2560\" \/>\n\t<meta property=\"og:image:height\" content=\"1707\" \/>\n\t<meta property=\"og:image:type\" content=\"image\/jpeg\" \/>\n<meta name=\"author\" content=\"Nadia SLILA\" \/>\n<meta name=\"twitter:card\" content=\"summary_large_image\" \/>\n<meta name=\"twitter:label1\" content=\"Verfasst von\" \/>\n\t<meta name=\"twitter:data1\" content=\"Nadia SLILA\" \/>\n\t<meta name=\"twitter:label2\" content=\"Gesch\u00e4tzte Lesezeit\" \/>\n\t<meta name=\"twitter:data2\" content=\"2\u00a0Minuten\" \/>\n<script type=\"application\/ld+json\" class=\"yoast-schema-graph\">{\"@context\":\"https:\/\/schema.org\",\"@graph\":[{\"@type\":\"Article\",\"@id\":\"https:\/\/frontaliers-grandest.eu\/de\/wird-ki-wirklich-unsere-arbeitsplaetze-ersetzen\/#article\",\"isPartOf\":{\"@id\":\"https:\/\/frontaliers-grandest.eu\/de\/wird-ki-wirklich-unsere-arbeitsplaetze-ersetzen\/\"},\"author\":{\"name\":\"Nadia SLILA\",\"@id\":\"https:\/\/frontaliers-grandest.eu\/de\/#\/schema\/person\/dfd1566afc7d48838003a65c7512a213\"},\"headline\":\"Wird KI wirklich unsere Arbeitspl\u00e4tze ersetzen?\",\"datePublished\":\"2026-04-24T13:26:17+00:00\",\"dateModified\":\"2026-04-24T13:26:18+00:00\",\"mainEntityOfPage\":{\"@id\":\"https:\/\/frontaliers-grandest.eu\/de\/wird-ki-wirklich-unsere-arbeitsplaetze-ersetzen\/\"},\"wordCount\":232,\"publisher\":{\"@id\":\"https:\/\/frontaliers-grandest.eu\/de\/#organization\"},\"image\":{\"@id\":\"https:\/\/frontaliers-grandest.eu\/de\/wird-ki-wirklich-unsere-arbeitsplaetze-ersetzen\/#primaryimage\"},\"thumbnailUrl\":\"https:\/\/frontaliers-grandest.eu\/wp-content\/uploads\/2026\/04\/graphic-designer-sitting-desk-1-scaled.jpg\",\"keywords\":[\"Arbeit\",\"Arbeitnehmer\",\"Greng\u00e4nger\",\"Luxemburg\"],\"articleSection\":[\"Arbeit\"],\"inLanguage\":\"de\"},{\"@type\":\"WebPage\",\"@id\":\"https:\/\/frontaliers-grandest.eu\/de\/wird-ki-wirklich-unsere-arbeitsplaetze-ersetzen\/\",\"url\":\"https:\/\/frontaliers-grandest.eu\/de\/wird-ki-wirklich-unsere-arbeitsplaetze-ersetzen\/\",\"name\":\"Wird KI wirklich unsere Arbeitspl\u00e4tze ersetzen? - Frontaliers Grand Est\",\"isPartOf\":{\"@id\":\"https:\/\/frontaliers-grandest.eu\/de\/#website\"},\"primaryImageOfPage\":{\"@id\":\"https:\/\/frontaliers-grandest.eu\/de\/wird-ki-wirklich-unsere-arbeitsplaetze-ersetzen\/#primaryimage\"},\"image\":{\"@id\":\"https:\/\/frontaliers-grandest.eu\/de\/wird-ki-wirklich-unsere-arbeitsplaetze-ersetzen\/#primaryimage\"},\"thumbnailUrl\":\"https:\/\/frontaliers-grandest.eu\/wp-content\/uploads\/2026\/04\/graphic-designer-sitting-desk-1-scaled.jpg\",\"datePublished\":\"2026-04-24T13:26:17+00:00\",\"dateModified\":\"2026-04-24T13:26:18+00:00\",\"description\":\"KI ver\u00e4ndert die Arbeitswelt 46 Prozent der luxemburgischen Arbeitnehmer sind besorgt \u00fcber ihre Auswirkungen Entdecken Sie die betroffenen Berufe und die kommenden Entwicklungen\",\"inLanguage\":\"de\",\"potentialAction\":[{\"@type\":\"ReadAction\",\"target\":[\"https:\/\/frontaliers-grandest.eu\/de\/wird-ki-wirklich-unsere-arbeitsplaetze-ersetzen\/\"]}]},{\"@type\":\"ImageObject\",\"inLanguage\":\"de\",\"@id\":\"https:\/\/frontaliers-grandest.eu\/de\/wird-ki-wirklich-unsere-arbeitsplaetze-ersetzen\/#primaryimage\",\"url\":\"https:\/\/frontaliers-grandest.eu\/wp-content\/uploads\/2026\/04\/graphic-designer-sitting-desk-1-scaled.jpg\",\"contentUrl\":\"https:\/\/frontaliers-grandest.eu\/wp-content\/uploads\/2026\/04\/graphic-designer-sitting-desk-1-scaled.jpg\",\"width\":2560,\"height\":1707},{\"@type\":\"WebSite\",\"@id\":\"https:\/\/frontaliers-grandest.eu\/de\/#website\",\"url\":\"https:\/\/frontaliers-grandest.eu\/de\/\",\"name\":\"Frontaliers Grand Est\",\"description\":\"Le site ressource du travail frontalier\",\"publisher\":{\"@id\":\"https:\/\/frontaliers-grandest.eu\/de\/#organization\"},\"alternateName\":\"Frontaliers Grand Est\",\"potentialAction\":[{\"@type\":\"SearchAction\",\"target\":{\"@type\":\"EntryPoint\",\"urlTemplate\":\"https:\/\/frontaliers-grandest.eu\/de\/?s={search_term_string}\"},\"query-input\":{\"@type\":\"PropertyValueSpecification\",\"valueRequired\":true,\"valueName\":\"search_term_string\"}}],\"inLanguage\":\"de\"},{\"@type\":\"Organization\",\"@id\":\"https:\/\/frontaliers-grandest.eu\/de\/#organization\",\"name\":\"Frontaliers Grand Est\",\"alternateName\":\"Frontaliers Grand Est\",\"url\":\"https:\/\/frontaliers-grandest.eu\/de\/\",\"logo\":{\"@type\":\"ImageObject\",\"inLanguage\":\"de\",\"@id\":\"https:\/\/frontaliers-grandest.eu\/de\/#\/schema\/logo\/image\/\",\"url\":\"https:\/\/frontaliers-grandest.eu\/wp-content\/uploads\/2025\/07\/260328234_2966785176920310_3332838526503858160_n.jpg\",\"contentUrl\":\"https:\/\/frontaliers-grandest.eu\/wp-content\/uploads\/2025\/07\/260328234_2966785176920310_3332838526503858160_n.jpg\",\"width\":396,\"height\":396,\"caption\":\"Frontaliers Grand Est\"},\"image\":{\"@id\":\"https:\/\/frontaliers-grandest.eu\/de\/#\/schema\/logo\/image\/\"},\"sameAs\":[\"https:\/\/www.facebook.com\/frontaliers.GR.EST\/?locale=fr_FR\"]},{\"@type\":\"Person\",\"@id\":\"https:\/\/frontaliers-grandest.eu\/de\/#\/schema\/person\/dfd1566afc7d48838003a65c7512a213\",\"name\":\"Nadia SLILA\",\"image\":{\"@type\":\"ImageObject\",\"inLanguage\":\"de\",\"@id\":\"https:\/\/frontaliers-grandest.eu\/de\/#\/schema\/person\/image\/\",\"url\":\"https:\/\/secure.gravatar.com\/avatar\/f07a267b44674154ea642fc19011d421638f8d2174d077a220d78f24d8001cc7?s=96&d=mm&r=g\",\"contentUrl\":\"https:\/\/secure.gravatar.com\/avatar\/f07a267b44674154ea642fc19011d421638f8d2174d077a220d78f24d8001cc7?s=96&d=mm&r=g\",\"caption\":\"Nadia SLILA\"}}]}<\/script>\n<!-- \/ Yoast SEO plugin. -->","yoast_head_json":{"title":"Wird KI wirklich unsere Arbeitspl\u00e4tze ersetzen? - Frontaliers Grand Est","description":"KI ver\u00e4ndert die Arbeitswelt 46 Prozent der luxemburgischen Arbeitnehmer sind besorgt \u00fcber ihre Auswirkungen Entdecken Sie die betroffenen Berufe und die kommenden Entwicklungen","robots":{"index":"index","follow":"follow","max-snippet":"max-snippet:-1","max-image-preview":"max-image-preview:large","max-video-preview":"max-video-preview:-1"},"canonical":"https:\/\/frontaliers-grandest.eu\/de\/wird-ki-wirklich-unsere-arbeitsplaetze-ersetzen\/","og_locale":"de_DE","og_type":"article","og_title":"Wird KI wirklich unsere Arbeitspl\u00e4tze ersetzen? - Frontaliers Grand Est","og_description":"KI ver\u00e4ndert die Arbeitswelt 46 Prozent der luxemburgischen Arbeitnehmer sind besorgt \u00fcber ihre Auswirkungen Entdecken Sie die betroffenen Berufe und die kommenden Entwicklungen","og_url":"https:\/\/frontaliers-grandest.eu\/de\/wird-ki-wirklich-unsere-arbeitsplaetze-ersetzen\/","og_site_name":"Frontaliers Grand Est","article_publisher":"https:\/\/www.facebook.com\/frontaliers.GR.EST\/?locale=fr_FR","article_published_time":"2026-04-24T13:26:17+00:00","article_modified_time":"2026-04-24T13:26:18+00:00","og_image":[{"width":2560,"height":1707,"url":"https:\/\/frontaliers-grandest.eu\/wp-content\/uploads\/2026\/04\/graphic-designer-sitting-desk-1-scaled.jpg","type":"image\/jpeg"}],"author":"Nadia SLILA","twitter_card":"summary_large_image","twitter_misc":{"Verfasst von":"Nadia SLILA","Gesch\u00e4tzte Lesezeit":"2\u00a0Minuten"},"schema":{"@context":"https:\/\/schema.org","@graph":[{"@type":"Article","@id":"https:\/\/frontaliers-grandest.eu\/de\/wird-ki-wirklich-unsere-arbeitsplaetze-ersetzen\/#article","isPartOf":{"@id":"https:\/\/frontaliers-grandest.eu\/de\/wird-ki-wirklich-unsere-arbeitsplaetze-ersetzen\/"},"author":{"name":"Nadia SLILA","@id":"https:\/\/frontaliers-grandest.eu\/de\/#\/schema\/person\/dfd1566afc7d48838003a65c7512a213"},"headline":"Wird KI wirklich unsere Arbeitspl\u00e4tze ersetzen?","datePublished":"2026-04-24T13:26:17+00:00","dateModified":"2026-04-24T13:26:18+00:00","mainEntityOfPage":{"@id":"https:\/\/frontaliers-grandest.eu\/de\/wird-ki-wirklich-unsere-arbeitsplaetze-ersetzen\/"},"wordCount":232,"publisher":{"@id":"https:\/\/frontaliers-grandest.eu\/de\/#organization"},"image":{"@id":"https:\/\/frontaliers-grandest.eu\/de\/wird-ki-wirklich-unsere-arbeitsplaetze-ersetzen\/#primaryimage"},"thumbnailUrl":"https:\/\/frontaliers-grandest.eu\/wp-content\/uploads\/2026\/04\/graphic-designer-sitting-desk-1-scaled.jpg","keywords":["Arbeit","Arbeitnehmer","Greng\u00e4nger","Luxemburg"],"articleSection":["Arbeit"],"inLanguage":"de"},{"@type":"WebPage","@id":"https:\/\/frontaliers-grandest.eu\/de\/wird-ki-wirklich-unsere-arbeitsplaetze-ersetzen\/","url":"https:\/\/frontaliers-grandest.eu\/de\/wird-ki-wirklich-unsere-arbeitsplaetze-ersetzen\/","name":"Wird KI wirklich unsere Arbeitspl\u00e4tze ersetzen? - Frontaliers Grand Est","isPartOf":{"@id":"https:\/\/frontaliers-grandest.eu\/de\/#website"},"primaryImageOfPage":{"@id":"https:\/\/frontaliers-grandest.eu\/de\/wird-ki-wirklich-unsere-arbeitsplaetze-ersetzen\/#primaryimage"},"image":{"@id":"https:\/\/frontaliers-grandest.eu\/de\/wird-ki-wirklich-unsere-arbeitsplaetze-ersetzen\/#primaryimage"},"thumbnailUrl":"https:\/\/frontaliers-grandest.eu\/wp-content\/uploads\/2026\/04\/graphic-designer-sitting-desk-1-scaled.jpg","datePublished":"2026-04-24T13:26:17+00:00","dateModified":"2026-04-24T13:26:18+00:00","description":"KI ver\u00e4ndert die Arbeitswelt 46 Prozent der luxemburgischen Arbeitnehmer sind besorgt \u00fcber ihre Auswirkungen Entdecken Sie die betroffenen Berufe und die kommenden Entwicklungen","inLanguage":"de","potentialAction":[{"@type":"ReadAction","target":["https:\/\/frontaliers-grandest.eu\/de\/wird-ki-wirklich-unsere-arbeitsplaetze-ersetzen\/"]}]},{"@type":"ImageObject","inLanguage":"de","@id":"https:\/\/frontaliers-grandest.eu\/de\/wird-ki-wirklich-unsere-arbeitsplaetze-ersetzen\/#primaryimage","url":"https:\/\/frontaliers-grandest.eu\/wp-content\/uploads\/2026\/04\/graphic-designer-sitting-desk-1-scaled.jpg","contentUrl":"https:\/\/frontaliers-grandest.eu\/wp-content\/uploads\/2026\/04\/graphic-designer-sitting-desk-1-scaled.jpg","width":2560,"height":1707},{"@type":"WebSite","@id":"https:\/\/frontaliers-grandest.eu\/de\/#website","url":"https:\/\/frontaliers-grandest.eu\/de\/","name":"Frontaliers Grand Est","description":"Le site ressource du travail frontalier","publisher":{"@id":"https:\/\/frontaliers-grandest.eu\/de\/#organization"},"alternateName":"Frontaliers Grand Est","potentialAction":[{"@type":"SearchAction","target":{"@type":"EntryPoint","urlTemplate":"https:\/\/frontaliers-grandest.eu\/de\/?s={search_term_string}"},"query-input":{"@type":"PropertyValueSpecification","valueRequired":true,"valueName":"search_term_string"}}],"inLanguage":"de"},{"@type":"Organization","@id":"https:\/\/frontaliers-grandest.eu\/de\/#organization","name":"Frontaliers Grand Est","alternateName":"Frontaliers Grand Est","url":"https:\/\/frontaliers-grandest.eu\/de\/","logo":{"@type":"ImageObject","inLanguage":"de","@id":"https:\/\/frontaliers-grandest.eu\/de\/#\/schema\/logo\/image\/","url":"https:\/\/frontaliers-grandest.eu\/wp-content\/uploads\/2025\/07\/260328234_2966785176920310_3332838526503858160_n.jpg","contentUrl":"https:\/\/frontaliers-grandest.eu\/wp-content\/uploads\/2025\/07\/260328234_2966785176920310_3332838526503858160_n.jpg","width":396,"height":396,"caption":"Frontaliers Grand Est"},"image":{"@id":"https:\/\/frontaliers-grandest.eu\/de\/#\/schema\/logo\/image\/"},"sameAs":["https:\/\/www.facebook.com\/frontaliers.GR.EST\/?locale=fr_FR"]},{"@type":"Person","@id":"https:\/\/frontaliers-grandest.eu\/de\/#\/schema\/person\/dfd1566afc7d48838003a65c7512a213","name":"Nadia SLILA","image":{"@type":"ImageObject","inLanguage":"de","@id":"https:\/\/frontaliers-grandest.eu\/de\/#\/schema\/person\/image\/","url":"https:\/\/secure.gravatar.com\/avatar\/f07a267b44674154ea642fc19011d421638f8d2174d077a220d78f24d8001cc7?s=96&d=mm&r=g","contentUrl":"https:\/\/secure.gravatar.com\/avatar\/f07a267b44674154ea642fc19011d421638f8d2174d077a220d78f24d8001cc7?s=96&d=mm&r=g","caption":"Nadia SLILA"}}]}},"_links":{"self":[{"href":"https:\/\/frontaliers-grandest.eu\/de\/wp-json\/wp\/v2\/posts\/59428","targetHints":{"allow":["GET"]}}],"collection":[{"href":"https:\/\/frontaliers-grandest.eu\/de\/wp-json\/wp\/v2\/posts"}],"about":[{"href":"https:\/\/frontaliers-grandest.eu\/de\/wp-json\/wp\/v2\/types\/post"}],"author":[{"embeddable":true,"href":"https:\/\/frontaliers-grandest.eu\/de\/wp-json\/wp\/v2\/users\/4"}],"replies":[{"embeddable":true,"href":"https:\/\/frontaliers-grandest.eu\/de\/wp-json\/wp\/v2\/comments?post=59428"}],"version-history":[{"count":2,"href":"https:\/\/frontaliers-grandest.eu\/de\/wp-json\/wp\/v2\/posts\/59428\/revisions"}],"predecessor-version":[{"id":59446,"href":"https:\/\/frontaliers-grandest.eu\/de\/wp-json\/wp\/v2\/posts\/59428\/revisions\/59446"}],"wp:featuredmedia":[{"embeddable":true,"href":"https:\/\/frontaliers-grandest.eu\/de\/wp-json\/wp\/v2\/media\/59423"}],"wp:attachment":[{"href":"https:\/\/frontaliers-grandest.eu\/de\/wp-json\/wp\/v2\/media?parent=59428"}],"wp:term":[{"taxonomy":"category","embeddable":true,"href":"https:\/\/frontaliers-grandest.eu\/de\/wp-json\/wp\/v2\/categories?post=59428"},{"taxonomy":"post_tag","embeddable":true,"href":"https:\/\/frontaliers-grandest.eu\/de\/wp-json\/wp\/v2\/tags?post=59428"},{"taxonomy":"frge_profile","embeddable":true,"href":"https:\/\/frontaliers-grandest.eu\/de\/wp-json\/wp\/v2\/frge_profile?post=59428"}],"curies":[{"name":"wp","href":"https:\/\/api.w.org\/{rel}","templated":true}]}}