{"id":58918,"date":"2026-04-07T12:04:47","date_gmt":"2026-04-07T10:04:47","guid":{"rendered":"https:\/\/frontaliers-grandest.eu\/?p=58918"},"modified":"2026-04-07T12:11:22","modified_gmt":"2026-04-07T10:11:22","slug":"steueroptimierung-fahrtkosten-in-belgien","status":"publish","type":"post","link":"https:\/\/frontaliers-grandest.eu\/de\/steueroptimierung-fahrtkosten-in-belgien\/","title":{"rendered":"Steueroptimierung: Fahrtkosten in Belgien"},"content":{"rendered":"\n<p>Jeden Tag belasten die Kilometer, die Sie f\u00fcr den Weg zur Arbeit zur\u00fccklegen, Ihr Budget. Aber wussten Sie, dass bestimmte von Ihrem Arbeitgeber gezahlte Entsch\u00e4digungen ganz oder teilweise steuerfrei sein k\u00f6nnen? Werfen wir einen Blick darauf, wie Sie Ihre Steuererkl\u00e4rung in Belgien optimieren k\u00f6nnen!<\/p>\n\n\n\n<p>Die Kosten f\u00fcr den Weg zwischen Ihrem Wohnort und Ihrem Arbeitsplatz tragen Sie grunds\u00e4tzlich selbst. Sie k\u00f6nnen diese jedoch in Ihrer Steuererkl\u00e4rung als Werbungskosten absetzen.<\/p>\n\n\n\n<p>Die von Ihrem Arbeitgeber gezahlten Entsch\u00e4digungen f\u00fcr Fahrten zwischen Wohnort und Arbeitsplatz k\u00f6nnen ganz oder teilweise steuerfrei sein, insbesondere f\u00fcr:<\/p>\n\n\n\n<ul class=\"wp-block-list\">\n<li>Abonnements f\u00fcr Zug, Bus, Stra\u00dfenbahn<\/li>\n\n\n\n<li>Entsch\u00e4digungen f\u00fcr die Nutzung Ihres eigenen Fahrzeugs<\/li>\n\n\n\n<li>Fahrradentsch\u00e4digungen<\/li>\n<\/ul>\n\n\n\n<p>Bei den Werbungskosten ist zwischen Fahrten zwischen Wohnort und Arbeitsplatz und beruflichen Fahrten zu unterscheiden.<\/p>\n\n\n\n<div class=\"wp-block-frontaliers-grandest-plugin-frge-accordion-block\"><div class=\"accordion-top\"><h4 class=\"accordion-title\">Entsch\u00e4digungen f\u00fcr Fahrten zwischen Wohnort und Arbeitsplatz<\/h4><svg viewBox=\"0 0 24 24\" stroke-width=\"1.5\" fill=\"none\" xmlns=\"http:\/\/www.w3.org\/2000\/svg\" class=\"accordion-top__icon\"><path d=\"M3 12L21 12M21 12L12.5 3.5M21 12L12.5 20.5\" stroke-width=\"1.5\" stroke-linecap=\"round\" stroke-linejoin=\"round\"><\/path><\/svg><\/div><div class=\"accordion-content\">\n<p>Der Arbeitsweg entspricht der Strecke zwischen Ihrem Wohnort und Ihrem bzw. Ihren \u00fcblichen Arbeitsplatz\/-pl\u00e4tzen.<\/p>\n\n\n\n<p>Die Entsch\u00e4digung f\u00fcr diesen Arbeitsweg deckt die Kosten f\u00fcr regelm\u00e4\u00dfige Fahrten (z. B. Fahrzeugverschlei\u00df, Kraftstoff, Fahrrad oder \u00f6ffentliche Verkehrsmittel). Im \u00f6ffentlichen Dienst gelten spezifische interne Regelungen. Die S\u00e4tze sind oft \u00e4hnlich wie im Privatsektor, k\u00f6nnen aber abweichen.<\/p>\n\n\n\n<p>F\u00fcr diese Fahrten gelten besondere Regeln und branchenspezifische Grenzen.<\/p>\n\n\n\n<p>Sie haben zwei M\u00f6glichkeiten, diese Kosten in Ihrer Steuererkl\u00e4rung anzugeben:<\/p>\n\n\n\n<div class=\"wp-block-frontaliers-grandest-plugin-frge-accordion-block\"><div class=\"accordion-top\"><h4 class=\"accordion-title\">Gesetzliche Pauschale<\/h4><svg viewBox=\"0 0 24 24\" stroke-width=\"1.5\" fill=\"none\" xmlns=\"http:\/\/www.w3.org\/2000\/svg\" class=\"accordion-top__icon\"><path d=\"M3 12L21 12M21 12L12.5 3.5M21 12L12.5 20.5\" stroke-width=\"1.5\" stroke-linecap=\"round\" stroke-linejoin=\"round\"><\/path><\/svg><\/div><div class=\"accordion-content\">\n<p>Diese wird automatisch ber\u00fccksichtigt.<\/p>\n\n\n\n<p>F\u00fcr Arbeitnehmer werden pauschale Werbungskosten mit 30 % des Bruttoeinkommens (abz\u00fcglich Sozialbeitr\u00e4ge) berechnet, bis zu:<\/p>\n\n\n\n<ul class=\"wp-block-list\">\n<li>5.390 \u20ac (Eink\u00fcnfte 2025 \/ Steuerjahr 2026)<\/li>\n\n\n\n<li>6.070 \u20ac (Eink\u00fcnfte 2026 \/ Steuerjahr 2027)<\/li>\n<\/ul>\n\n\n\n<p>Wenn Ihre tats\u00e4chlichen Kosten unter dieser Pauschale liegen, m\u00fcssen Sie nichts nachweisen.<\/p>\n<\/div><\/div>\n\n\n\n<div class=\"wp-block-frontaliers-grandest-plugin-frge-accordion-block\"><div class=\"accordion-top\"><h4 class=\"accordion-title\">Tats\u00e4chliche Werbungskosten<\/h4><svg viewBox=\"0 0 24 24\" stroke-width=\"1.5\" fill=\"none\" xmlns=\"http:\/\/www.w3.org\/2000\/svg\" class=\"accordion-top__icon\"><path d=\"M3 12L21 12M21 12L12.5 3.5M21 12L12.5 20.5\" stroke-width=\"1.5\" stroke-linecap=\"round\" stroke-linejoin=\"round\"><\/path><\/svg><\/div><div class=\"accordion-content\">\n<ul class=\"wp-block-list\">\n<li>Sind Ihre tats\u00e4chlichen Kosten h\u00f6her, k\u00f6nnen Sie diese angeben. Sie m\u00fcssen nachweisen, dass:\n<ul class=\"wp-block-list\">\n<li>die Kosten beruflich veranlasst sind<\/li>\n\n\n\n<li>sie tats\u00e4chlich angefallen sind<\/li>\n\n\n\n<li>entsprechende Belege vorliegen<\/li>\n<\/ul>\n<\/li>\n<\/ul>\n\n\n\n<p>\ud83d\udc49 Diese Kosten m\u00fcssen im Code 1258\/2258 angegeben werden.<\/p>\n\n\n\n<p>Achtung: 0,15 \u20ac\/km-Regel<\/p>\n\n\n\n<ul class=\"wp-block-list\">\n<li>Bei Nutzung Ihres eigenen Fahrzeugs k\u00f6nnen Sie keine tats\u00e4chlichen Kosten (Versicherung, Wartung etc.) abziehen. Es gilt ein Pauschalsatz von 0,15 \u20ac\/km. F\u00fcr viele Arbeitnehmer bleibt die 30 %-Pauschale g\u00fcnstiger.<\/li>\n\n\n\n<li>Erhalten Sie eine Arbeitgeberentsch\u00e4digung f\u00fcr den Arbeitsweg mit dem eigenen Fahrzeug, ist diese steuerfrei bis zu:\n<ul class=\"wp-block-list\">\n<li>500 \u20ac (Eink\u00fcnfte 2026)<\/li>\n\n\n\n<li>490 \u20ac (Eink\u00fcnfte 2025)<\/li>\n<\/ul>\n<\/li>\n\n\n\n<li>Diese muss im Code 1254\/2254 angegeben werden, die Steuerbefreiung im Code 1255\/2255.<\/li>\n\n\n\n<li>Der Arbeitgeber ist nicht verpflichtet, diese Entsch\u00e4digung zu zahlen (au\u00dfer bei Tarifvertrag oder Betriebsvereinbarung).<\/li>\n<\/ul>\n\n\n\n<p>\u00d6ffentliche Verkehrsmittel<\/p>\n\n\n\n<ul class=\"wp-block-list\">\n<li>\u00dcbernimmt der Arbeitgeber ganz oder teilweise die Kosten f\u00fcr ein Abonnement, ist diese Unterst\u00fctzung vollst\u00e4ndig steuerfrei.<\/li>\n\n\n\n<li>In der Regel betr\u00e4gt die Beteiligung 75 %.<\/li>\n\n\n\n<li>Bei Drittzahlerregelungen kann die Beteiligung mindestens 71,8 % betragen, f\u00fcr vollst\u00e4ndige Kosten\u00fcbernahme sogar 80 %. In diesem Fall zahlt der Arbeitnehmer nichts, der Staat \u00fcbernimmt den Rest.<\/li>\n<\/ul>\n\n\n\n<p>\u26a0\ufe0f Achtung: Diese Steuerbefreiung gilt nicht, wenn Sie sich f\u00fcr die tats\u00e4chlichen Kosten entscheiden.<\/p>\n\n\n\n<ul class=\"wp-block-list\">\n<li>Simulationen k\u00f6nnen Sie z. B. \u00fcber <a href=\"https:\/\/www.minfin.fgov.be\/myminfin-web\/pages\/public\" target=\"_blank\" rel=\"noreferrer noopener\">MyMinfin<\/a> durchf\u00fchren.<\/li>\n<\/ul>\n\n\n\n<p>Fahrrad<\/p>\n\n\n\n<ul class=\"wp-block-list\">\n<li>F\u00fcr 2026 ist die Fahrradentsch\u00e4digung bis zu 0,35 \u20ac\/km steuerfrei, mit einem j\u00e4hrlichen H\u00f6chstbetrag von etwa 3.500 \u20ac.<\/li>\n\n\n\n<li>Dar\u00fcber hinausgehende Betr\u00e4ge sind steuerpflichtig.<\/li>\n\n\n\n<li>Eine Kombination mit \u00f6ffentlichen Verkehrsmitteln ist m\u00f6glich.<\/li>\n<\/ul>\n<\/div><\/div>\n<\/div><\/div>\n\n\n\n<div class=\"wp-block-frontaliers-grandest-plugin-frge-accordion-block\"><div class=\"accordion-top\"><h4 class=\"accordion-title\">Entsch\u00e4digungen f\u00fcr berufliche Fahrten<\/h4><svg viewBox=\"0 0 24 24\" stroke-width=\"1.5\" fill=\"none\" xmlns=\"http:\/\/www.w3.org\/2000\/svg\" class=\"accordion-top__icon\"><path d=\"M3 12L21 12M21 12L12.5 3.5M21 12L12.5 20.5\" stroke-width=\"1.5\" stroke-linecap=\"round\" stroke-linejoin=\"round\"><\/path><\/svg><\/div><div class=\"accordion-content\">\n<ul class=\"wp-block-list\">\n<li>Berufliche Fahrten (z. B. Kundentermine, Meetings, Schulungen) sind von Arbeitswegen zu unterscheiden.<\/li>\n<\/ul>\n\n\n\n<p>Hier gelten folgende S\u00e4tze:<\/p>\n\n\n\n<ul class=\"wp-block-list\">\n<li>Quartalssatz: 0,4326 \u20ac\/km (ab 01.01.2026)<\/li>\n\n\n\n<li>Jahressatz: 0,4449 \u20ac\/km (01.07.2025\u201330.06.2026)<\/li>\n\n\n\n<li>Diese Entsch\u00e4digungen sind vollst\u00e4ndig steuerfrei.<\/li>\n\n\n\n<li>Sie gelten nur f\u00fcr berufliche Fahrten und sind auf 24.000 km pro Jahr begrenzt. Wird diese Grenze \u00fcberschritten, kann der \u00dcberschuss steuerpflichtig werden, sofern er nicht eindeutig gerechtfertigt ist.<\/li>\n<\/ul>\n\n\n\n<p>\ud83d\udccc Vorgehensweise<\/p>\n\n\n\n<ul class=\"wp-block-list\">\n<li>Um diese Entsch\u00e4digungen zu erhalten, m\u00fcssen Sie:\n<ul class=\"wp-block-list\">\n<li>Ihrem Arbeitgeber eine Erkl\u00e4rung zur Nutzung eines Verkehrsmittels vorlegen<\/li>\n\n\n\n<li>Nachweise erbringen (Abonnement, Tickets, Kilometeraufstellung etc.)<\/li>\n<\/ul>\n<\/li>\n<\/ul>\n\n\n\n<p>\ud83d\udc49 Bewahren Sie alle Belege auf (Tickets, Abos, Maut etc.) f\u00fcr m\u00f6gliche Kontrollen.<\/p>\n\n\n\n<ul class=\"wp-block-list\">\n<li>F\u00fcr weitere Informationen zur franz\u00f6sisch-belgischen Besteuerung k\u00f6nnen Sie unseren speziellen Leitfaden konsultieren. &nbsp;<a href=\"https:\/\/frontaliers-grandest.eu\/brochures\/guide-fiscal-france-belgique\/\"><strong>Guide fiscal France-Belgique \u2013 Frontaliers Grand Est<\/strong><\/a><strong>.<\/strong><\/li>\n<\/ul>\n<\/div><\/div>\n\n\n\n<p><\/p>\n","protected":false},"excerpt":{"rendered":"<p>Was Sie wissen sollten!<\/p>\n","protected":false},"author":35,"featured_media":58866,"comment_status":"closed","ping_status":"open","sticky":false,"template":"","format":"standard","meta":{"inline_featured_image":false,"footnotes":""},"categories":[578,586],"tags":[465,461,434,445,517,439],"frge_profile":[225],"class_list":["post-58918","post","type-post","status-publish","format-standard","has-post-thumbnail","hentry","category-arbeit","category-besteuerung","tag-arbeit","tag-arbeitnehmer","tag-belgien","tag-besteuerung","tag-grengaenger","tag-schritte","frge_profile-arbeitnehmer"],"yoast_head":"<!-- This site is optimized with the Yoast SEO plugin v27.1.1 - https:\/\/yoast.com\/product\/yoast-seo-wordpress\/ -->\n<title>Steueroptimierung: Fahrtkosten in Belgien - Frontaliers Grand Est<\/title>\n<meta name=\"description\" content=\"Fahrten zwischen Wohnort und Arbeitsplatz sowie berufliche Fahrten in Belgien: Die Regeln, die Sie kennen sollten. Lernen Sie, wie Sie Ihre Kosten korrekt angeben und von Steuerbefreiungen profitieren.\" \/>\n<meta name=\"robots\" content=\"index, follow, max-snippet:-1, max-image-preview:large, max-video-preview:-1\" \/>\n<link rel=\"canonical\" href=\"https:\/\/frontaliers-grandest.eu\/de\/steueroptimierung-fahrtkosten-in-belgien\/\" \/>\n<meta property=\"og:locale\" content=\"de_DE\" \/>\n<meta property=\"og:type\" content=\"article\" \/>\n<meta property=\"og:title\" content=\"Steueroptimierung: Fahrtkosten in Belgien - Frontaliers Grand Est\" \/>\n<meta property=\"og:description\" content=\"Fahrten zwischen Wohnort und Arbeitsplatz sowie berufliche Fahrten in Belgien: Die Regeln, die Sie kennen sollten. Lernen Sie, wie Sie Ihre Kosten korrekt angeben und von Steuerbefreiungen profitieren.\" \/>\n<meta property=\"og:url\" content=\"https:\/\/frontaliers-grandest.eu\/de\/steueroptimierung-fahrtkosten-in-belgien\/\" \/>\n<meta property=\"og:site_name\" content=\"Frontaliers Grand Est\" \/>\n<meta property=\"article:publisher\" content=\"https:\/\/www.facebook.com\/frontaliers.GR.EST\/?locale=fr_FR\" \/>\n<meta property=\"article:published_time\" content=\"2026-04-07T10:04:47+00:00\" \/>\n<meta property=\"article:modified_time\" content=\"2026-04-07T10:11:22+00:00\" \/>\n<meta property=\"og:image\" content=\"https:\/\/frontaliers-grandest.eu\/wp-content\/uploads\/2026\/04\/adult-serious-bearded-caucasian-finance-manager-glasses-blue-shirt-sitting-light-comfortable-company-office.jpg\" \/>\n\t<meta property=\"og:image:width\" content=\"2000\" \/>\n\t<meta property=\"og:image:height\" content=\"1333\" \/>\n\t<meta property=\"og:image:type\" content=\"image\/jpeg\" \/>\n<meta name=\"author\" content=\"Souad Ben Bouazza\" \/>\n<meta name=\"twitter:card\" content=\"summary_large_image\" \/>\n<meta name=\"twitter:label1\" content=\"Verfasst von\" \/>\n\t<meta name=\"twitter:data1\" content=\"Souad Ben Bouazza\" \/>\n\t<meta name=\"twitter:label2\" content=\"Gesch\u00e4tzte Lesezeit\" \/>\n\t<meta name=\"twitter:data2\" content=\"4\u00a0Minuten\" \/>\n<script type=\"application\/ld+json\" class=\"yoast-schema-graph\">{\"@context\":\"https:\/\/schema.org\",\"@graph\":[{\"@type\":\"Article\",\"@id\":\"https:\/\/frontaliers-grandest.eu\/de\/steueroptimierung-fahrtkosten-in-belgien\/#article\",\"isPartOf\":{\"@id\":\"https:\/\/frontaliers-grandest.eu\/de\/steueroptimierung-fahrtkosten-in-belgien\/\"},\"author\":{\"name\":\"Souad Ben Bouazza\",\"@id\":\"https:\/\/frontaliers-grandest.eu\/de\/#\/schema\/person\/5da130a8ec7d642520d9767447c7e356\"},\"headline\":\"Steueroptimierung: Fahrtkosten in Belgien\",\"datePublished\":\"2026-04-07T10:04:47+00:00\",\"dateModified\":\"2026-04-07T10:11:22+00:00\",\"mainEntityOfPage\":{\"@id\":\"https:\/\/frontaliers-grandest.eu\/de\/steueroptimierung-fahrtkosten-in-belgien\/\"},\"wordCount\":634,\"publisher\":{\"@id\":\"https:\/\/frontaliers-grandest.eu\/de\/#organization\"},\"image\":{\"@id\":\"https:\/\/frontaliers-grandest.eu\/de\/steueroptimierung-fahrtkosten-in-belgien\/#primaryimage\"},\"thumbnailUrl\":\"https:\/\/frontaliers-grandest.eu\/wp-content\/uploads\/2026\/04\/adult-serious-bearded-caucasian-finance-manager-glasses-blue-shirt-sitting-light-comfortable-company-office.jpg\",\"keywords\":[\"Arbeit\",\"Arbeitnehmer\",\"Belgien\",\"Besteuerung\",\"Greng\u00e4nger\",\"Schritte\"],\"articleSection\":[\"Arbeit\",\"Besteuerung\"],\"inLanguage\":\"de\"},{\"@type\":\"WebPage\",\"@id\":\"https:\/\/frontaliers-grandest.eu\/de\/steueroptimierung-fahrtkosten-in-belgien\/\",\"url\":\"https:\/\/frontaliers-grandest.eu\/de\/steueroptimierung-fahrtkosten-in-belgien\/\",\"name\":\"Steueroptimierung: Fahrtkosten in Belgien - Frontaliers Grand Est\",\"isPartOf\":{\"@id\":\"https:\/\/frontaliers-grandest.eu\/de\/#website\"},\"primaryImageOfPage\":{\"@id\":\"https:\/\/frontaliers-grandest.eu\/de\/steueroptimierung-fahrtkosten-in-belgien\/#primaryimage\"},\"image\":{\"@id\":\"https:\/\/frontaliers-grandest.eu\/de\/steueroptimierung-fahrtkosten-in-belgien\/#primaryimage\"},\"thumbnailUrl\":\"https:\/\/frontaliers-grandest.eu\/wp-content\/uploads\/2026\/04\/adult-serious-bearded-caucasian-finance-manager-glasses-blue-shirt-sitting-light-comfortable-company-office.jpg\",\"datePublished\":\"2026-04-07T10:04:47+00:00\",\"dateModified\":\"2026-04-07T10:11:22+00:00\",\"description\":\"Fahrten zwischen Wohnort und Arbeitsplatz sowie berufliche Fahrten in Belgien: Die Regeln, die Sie kennen sollten. Lernen Sie, wie Sie Ihre Kosten korrekt angeben und von Steuerbefreiungen profitieren.\",\"inLanguage\":\"de\",\"potentialAction\":[{\"@type\":\"ReadAction\",\"target\":[\"https:\/\/frontaliers-grandest.eu\/de\/steueroptimierung-fahrtkosten-in-belgien\/\"]}]},{\"@type\":\"ImageObject\",\"inLanguage\":\"de\",\"@id\":\"https:\/\/frontaliers-grandest.eu\/de\/steueroptimierung-fahrtkosten-in-belgien\/#primaryimage\",\"url\":\"https:\/\/frontaliers-grandest.eu\/wp-content\/uploads\/2026\/04\/adult-serious-bearded-caucasian-finance-manager-glasses-blue-shirt-sitting-light-comfortable-company-office.jpg\",\"contentUrl\":\"https:\/\/frontaliers-grandest.eu\/wp-content\/uploads\/2026\/04\/adult-serious-bearded-caucasian-finance-manager-glasses-blue-shirt-sitting-light-comfortable-company-office.jpg\",\"width\":2000,\"height\":1333},{\"@type\":\"WebSite\",\"@id\":\"https:\/\/frontaliers-grandest.eu\/de\/#website\",\"url\":\"https:\/\/frontaliers-grandest.eu\/de\/\",\"name\":\"Frontaliers Grand Est\",\"description\":\"Le site ressource du travail frontalier\",\"publisher\":{\"@id\":\"https:\/\/frontaliers-grandest.eu\/de\/#organization\"},\"alternateName\":\"Frontaliers Grand Est\",\"potentialAction\":[{\"@type\":\"SearchAction\",\"target\":{\"@type\":\"EntryPoint\",\"urlTemplate\":\"https:\/\/frontaliers-grandest.eu\/de\/?s={search_term_string}\"},\"query-input\":{\"@type\":\"PropertyValueSpecification\",\"valueRequired\":true,\"valueName\":\"search_term_string\"}}],\"inLanguage\":\"de\"},{\"@type\":\"Organization\",\"@id\":\"https:\/\/frontaliers-grandest.eu\/de\/#organization\",\"name\":\"Frontaliers Grand Est\",\"alternateName\":\"Frontaliers Grand Est\",\"url\":\"https:\/\/frontaliers-grandest.eu\/de\/\",\"logo\":{\"@type\":\"ImageObject\",\"inLanguage\":\"de\",\"@id\":\"https:\/\/frontaliers-grandest.eu\/de\/#\/schema\/logo\/image\/\",\"url\":\"https:\/\/frontaliers-grandest.eu\/wp-content\/uploads\/2025\/07\/260328234_2966785176920310_3332838526503858160_n.jpg\",\"contentUrl\":\"https:\/\/frontaliers-grandest.eu\/wp-content\/uploads\/2025\/07\/260328234_2966785176920310_3332838526503858160_n.jpg\",\"width\":396,\"height\":396,\"caption\":\"Frontaliers Grand Est\"},\"image\":{\"@id\":\"https:\/\/frontaliers-grandest.eu\/de\/#\/schema\/logo\/image\/\"},\"sameAs\":[\"https:\/\/www.facebook.com\/frontaliers.GR.EST\/?locale=fr_FR\"]},{\"@type\":\"Person\",\"@id\":\"https:\/\/frontaliers-grandest.eu\/de\/#\/schema\/person\/5da130a8ec7d642520d9767447c7e356\",\"name\":\"Souad Ben Bouazza\",\"image\":{\"@type\":\"ImageObject\",\"inLanguage\":\"de\",\"@id\":\"https:\/\/frontaliers-grandest.eu\/de\/#\/schema\/person\/image\/\",\"url\":\"https:\/\/secure.gravatar.com\/avatar\/c573e2bcab4c7fb0731b230f2e14937dff5d5175a988ffb2e37ed71eca865322?s=96&d=mm&r=g\",\"contentUrl\":\"https:\/\/secure.gravatar.com\/avatar\/c573e2bcab4c7fb0731b230f2e14937dff5d5175a988ffb2e37ed71eca865322?s=96&d=mm&r=g\",\"caption\":\"Souad Ben Bouazza\"}}]}<\/script>\n<!-- \/ Yoast SEO plugin. -->","yoast_head_json":{"title":"Steueroptimierung: Fahrtkosten in Belgien - Frontaliers Grand Est","description":"Fahrten zwischen Wohnort und Arbeitsplatz sowie berufliche Fahrten in Belgien: Die Regeln, die Sie kennen sollten. Lernen Sie, wie Sie Ihre Kosten korrekt angeben und von Steuerbefreiungen profitieren.","robots":{"index":"index","follow":"follow","max-snippet":"max-snippet:-1","max-image-preview":"max-image-preview:large","max-video-preview":"max-video-preview:-1"},"canonical":"https:\/\/frontaliers-grandest.eu\/de\/steueroptimierung-fahrtkosten-in-belgien\/","og_locale":"de_DE","og_type":"article","og_title":"Steueroptimierung: Fahrtkosten in Belgien - Frontaliers Grand Est","og_description":"Fahrten zwischen Wohnort und Arbeitsplatz sowie berufliche Fahrten in Belgien: Die Regeln, die Sie kennen sollten. Lernen Sie, wie Sie Ihre Kosten korrekt angeben und von Steuerbefreiungen profitieren.","og_url":"https:\/\/frontaliers-grandest.eu\/de\/steueroptimierung-fahrtkosten-in-belgien\/","og_site_name":"Frontaliers Grand Est","article_publisher":"https:\/\/www.facebook.com\/frontaliers.GR.EST\/?locale=fr_FR","article_published_time":"2026-04-07T10:04:47+00:00","article_modified_time":"2026-04-07T10:11:22+00:00","og_image":[{"width":2000,"height":1333,"url":"https:\/\/frontaliers-grandest.eu\/wp-content\/uploads\/2026\/04\/adult-serious-bearded-caucasian-finance-manager-glasses-blue-shirt-sitting-light-comfortable-company-office.jpg","type":"image\/jpeg"}],"author":"Souad Ben Bouazza","twitter_card":"summary_large_image","twitter_misc":{"Verfasst von":"Souad Ben Bouazza","Gesch\u00e4tzte Lesezeit":"4\u00a0Minuten"},"schema":{"@context":"https:\/\/schema.org","@graph":[{"@type":"Article","@id":"https:\/\/frontaliers-grandest.eu\/de\/steueroptimierung-fahrtkosten-in-belgien\/#article","isPartOf":{"@id":"https:\/\/frontaliers-grandest.eu\/de\/steueroptimierung-fahrtkosten-in-belgien\/"},"author":{"name":"Souad Ben Bouazza","@id":"https:\/\/frontaliers-grandest.eu\/de\/#\/schema\/person\/5da130a8ec7d642520d9767447c7e356"},"headline":"Steueroptimierung: Fahrtkosten in Belgien","datePublished":"2026-04-07T10:04:47+00:00","dateModified":"2026-04-07T10:11:22+00:00","mainEntityOfPage":{"@id":"https:\/\/frontaliers-grandest.eu\/de\/steueroptimierung-fahrtkosten-in-belgien\/"},"wordCount":634,"publisher":{"@id":"https:\/\/frontaliers-grandest.eu\/de\/#organization"},"image":{"@id":"https:\/\/frontaliers-grandest.eu\/de\/steueroptimierung-fahrtkosten-in-belgien\/#primaryimage"},"thumbnailUrl":"https:\/\/frontaliers-grandest.eu\/wp-content\/uploads\/2026\/04\/adult-serious-bearded-caucasian-finance-manager-glasses-blue-shirt-sitting-light-comfortable-company-office.jpg","keywords":["Arbeit","Arbeitnehmer","Belgien","Besteuerung","Greng\u00e4nger","Schritte"],"articleSection":["Arbeit","Besteuerung"],"inLanguage":"de"},{"@type":"WebPage","@id":"https:\/\/frontaliers-grandest.eu\/de\/steueroptimierung-fahrtkosten-in-belgien\/","url":"https:\/\/frontaliers-grandest.eu\/de\/steueroptimierung-fahrtkosten-in-belgien\/","name":"Steueroptimierung: Fahrtkosten in Belgien - Frontaliers Grand Est","isPartOf":{"@id":"https:\/\/frontaliers-grandest.eu\/de\/#website"},"primaryImageOfPage":{"@id":"https:\/\/frontaliers-grandest.eu\/de\/steueroptimierung-fahrtkosten-in-belgien\/#primaryimage"},"image":{"@id":"https:\/\/frontaliers-grandest.eu\/de\/steueroptimierung-fahrtkosten-in-belgien\/#primaryimage"},"thumbnailUrl":"https:\/\/frontaliers-grandest.eu\/wp-content\/uploads\/2026\/04\/adult-serious-bearded-caucasian-finance-manager-glasses-blue-shirt-sitting-light-comfortable-company-office.jpg","datePublished":"2026-04-07T10:04:47+00:00","dateModified":"2026-04-07T10:11:22+00:00","description":"Fahrten zwischen Wohnort und Arbeitsplatz sowie berufliche Fahrten in Belgien: Die Regeln, die Sie kennen sollten. Lernen Sie, wie Sie Ihre Kosten korrekt angeben und von Steuerbefreiungen profitieren.","inLanguage":"de","potentialAction":[{"@type":"ReadAction","target":["https:\/\/frontaliers-grandest.eu\/de\/steueroptimierung-fahrtkosten-in-belgien\/"]}]},{"@type":"ImageObject","inLanguage":"de","@id":"https:\/\/frontaliers-grandest.eu\/de\/steueroptimierung-fahrtkosten-in-belgien\/#primaryimage","url":"https:\/\/frontaliers-grandest.eu\/wp-content\/uploads\/2026\/04\/adult-serious-bearded-caucasian-finance-manager-glasses-blue-shirt-sitting-light-comfortable-company-office.jpg","contentUrl":"https:\/\/frontaliers-grandest.eu\/wp-content\/uploads\/2026\/04\/adult-serious-bearded-caucasian-finance-manager-glasses-blue-shirt-sitting-light-comfortable-company-office.jpg","width":2000,"height":1333},{"@type":"WebSite","@id":"https:\/\/frontaliers-grandest.eu\/de\/#website","url":"https:\/\/frontaliers-grandest.eu\/de\/","name":"Frontaliers Grand Est","description":"Le site ressource du travail frontalier","publisher":{"@id":"https:\/\/frontaliers-grandest.eu\/de\/#organization"},"alternateName":"Frontaliers Grand Est","potentialAction":[{"@type":"SearchAction","target":{"@type":"EntryPoint","urlTemplate":"https:\/\/frontaliers-grandest.eu\/de\/?s={search_term_string}"},"query-input":{"@type":"PropertyValueSpecification","valueRequired":true,"valueName":"search_term_string"}}],"inLanguage":"de"},{"@type":"Organization","@id":"https:\/\/frontaliers-grandest.eu\/de\/#organization","name":"Frontaliers Grand Est","alternateName":"Frontaliers Grand Est","url":"https:\/\/frontaliers-grandest.eu\/de\/","logo":{"@type":"ImageObject","inLanguage":"de","@id":"https:\/\/frontaliers-grandest.eu\/de\/#\/schema\/logo\/image\/","url":"https:\/\/frontaliers-grandest.eu\/wp-content\/uploads\/2025\/07\/260328234_2966785176920310_3332838526503858160_n.jpg","contentUrl":"https:\/\/frontaliers-grandest.eu\/wp-content\/uploads\/2025\/07\/260328234_2966785176920310_3332838526503858160_n.jpg","width":396,"height":396,"caption":"Frontaliers Grand Est"},"image":{"@id":"https:\/\/frontaliers-grandest.eu\/de\/#\/schema\/logo\/image\/"},"sameAs":["https:\/\/www.facebook.com\/frontaliers.GR.EST\/?locale=fr_FR"]},{"@type":"Person","@id":"https:\/\/frontaliers-grandest.eu\/de\/#\/schema\/person\/5da130a8ec7d642520d9767447c7e356","name":"Souad Ben Bouazza","image":{"@type":"ImageObject","inLanguage":"de","@id":"https:\/\/frontaliers-grandest.eu\/de\/#\/schema\/person\/image\/","url":"https:\/\/secure.gravatar.com\/avatar\/c573e2bcab4c7fb0731b230f2e14937dff5d5175a988ffb2e37ed71eca865322?s=96&d=mm&r=g","contentUrl":"https:\/\/secure.gravatar.com\/avatar\/c573e2bcab4c7fb0731b230f2e14937dff5d5175a988ffb2e37ed71eca865322?s=96&d=mm&r=g","caption":"Souad Ben Bouazza"}}]}},"_links":{"self":[{"href":"https:\/\/frontaliers-grandest.eu\/de\/wp-json\/wp\/v2\/posts\/58918","targetHints":{"allow":["GET"]}}],"collection":[{"href":"https:\/\/frontaliers-grandest.eu\/de\/wp-json\/wp\/v2\/posts"}],"about":[{"href":"https:\/\/frontaliers-grandest.eu\/de\/wp-json\/wp\/v2\/types\/post"}],"author":[{"embeddable":true,"href":"https:\/\/frontaliers-grandest.eu\/de\/wp-json\/wp\/v2\/users\/35"}],"replies":[{"embeddable":true,"href":"https:\/\/frontaliers-grandest.eu\/de\/wp-json\/wp\/v2\/comments?post=58918"}],"version-history":[{"count":3,"href":"https:\/\/frontaliers-grandest.eu\/de\/wp-json\/wp\/v2\/posts\/58918\/revisions"}],"predecessor-version":[{"id":58924,"href":"https:\/\/frontaliers-grandest.eu\/de\/wp-json\/wp\/v2\/posts\/58918\/revisions\/58924"}],"wp:featuredmedia":[{"embeddable":true,"href":"https:\/\/frontaliers-grandest.eu\/de\/wp-json\/wp\/v2\/media\/58866"}],"wp:attachment":[{"href":"https:\/\/frontaliers-grandest.eu\/de\/wp-json\/wp\/v2\/media?parent=58918"}],"wp:term":[{"taxonomy":"category","embeddable":true,"href":"https:\/\/frontaliers-grandest.eu\/de\/wp-json\/wp\/v2\/categories?post=58918"},{"taxonomy":"post_tag","embeddable":true,"href":"https:\/\/frontaliers-grandest.eu\/de\/wp-json\/wp\/v2\/tags?post=58918"},{"taxonomy":"frge_profile","embeddable":true,"href":"https:\/\/frontaliers-grandest.eu\/de\/wp-json\/wp\/v2\/frge_profile?post=58918"}],"curies":[{"name":"wp","href":"https:\/\/api.w.org\/{rel}","templated":true}]}}