{"id":43957,"date":"2024-11-07T15:09:02","date_gmt":"2024-11-07T14:09:02","guid":{"rendered":"https:\/\/frontaliers-grandest.eu\/?p=43957"},"modified":"2025-10-29T11:36:17","modified_gmt":"2025-10-29T10:36:17","slug":"feiertage-in-deutschland","status":"publish","type":"post","link":"https:\/\/frontaliers-grandest.eu\/de\/feiertage-in-deutschland\/","title":{"rendered":"Feiertage in Deutschland"},"content":{"rendered":"\n<p>Deutschland verf\u00fcgt \u00fcber eine Vielzahl an Feiertagen, die je nach Bundesland variieren.<\/p>\n\n\n\n<p>Es gibt gesetzliche Feiertage, die arbeitsfreie Tage f\u00fcr die Besch\u00e4ftigten darstellen, sowie andere, die als kulturelle oder lokale Feierlichkeiten gelten und nicht verpflichtend sind.<\/p>\n\n\n\n<p>Einige Feiertage gelten im gesamten Bundesgebiet, w\u00e4hrend andere nur in bestimmten Regionen, abh\u00e4ngig von lokalen Traditionen, als Feiertage anerkannt werden.<\/p>\n\n\n\n<p>Bereit, diese wichtigen Termine zu entdecken, die das Leben in Deutschland pr\u00e4gen\u202f? \ud83e\udd29<\/p>\n\n\n\n<div class=\"wp-block-frontaliers-grandest-plugin-frge-accordion-block\"><div class=\"accordion-top\"><h4 class=\"accordion-title\"><strong>Nationale Feiertage<\/strong><\/h4><svg viewBox=\"0 0 24 24\" stroke-width=\"1.5\" fill=\"none\" xmlns=\"http:\/\/www.w3.org\/2000\/svg\" class=\"accordion-top__icon\"><path d=\"M3 12L21 12M21 12L12.5 3.5M21 12L12.5 20.5\" stroke-width=\"1.5\" stroke-linecap=\"round\" stroke-linejoin=\"round\"><\/path><\/svg><\/div><div class=\"accordion-content\">\n<ul class=\"wp-block-list\">\n<li>1. Januar \u2013 Neujahr<br><br><\/li>\n\n\n\n<li>Karfreitag \u2013 Karfreitag (variabel, im M\u00e4rz oder April)<br><br><\/li>\n\n\n\n<li>Ostermontag \u2013 Ostermontag (variabel)<br><br><\/li>\n\n\n\n<li>1. Mai \u2013 Tag der Arbeit<br><br><\/li>\n\n\n\n<li>Christi Himmelfahrt (40 Tage nach Ostern, variabel)<br><br><\/li>\n\n\n\n<li>Pfingstmontag (50 Tage nach Ostern, variabel)<br><br><\/li>\n\n\n\n<li>3.Oktober \u2013 Tag der Deutschen Einheit<br><br><\/li>\n\n\n\n<li>25. Dezember \u2013 Weihnachtstag (1. Weihnachtstag)<br><br><\/li>\n\n\n\n<li>26. Dezember \u2013 Zweiter Weihnachtstag (2. Weihnachtstag)<\/li>\n<\/ul>\n<\/div><\/div>\n\n\n\n<div class=\"wp-block-frontaliers-grandest-plugin-frge-accordion-block\"><div class=\"accordion-top\"><h4 class=\"accordion-title\"><strong>Besonderheiten und Ausnahmen <\/strong><\/h4><svg viewBox=\"0 0 24 24\" stroke-width=\"1.5\" fill=\"none\" xmlns=\"http:\/\/www.w3.org\/2000\/svg\" class=\"accordion-top__icon\"><path d=\"M3 12L21 12M21 12L12.5 3.5M21 12L12.5 20.5\" stroke-width=\"1.5\" stroke-linecap=\"round\" stroke-linejoin=\"round\"><\/path><\/svg><\/div><div class=\"accordion-content\">\n<p>Neben diesen nationalen Feiertagen haben einige Bundesl\u00e4nder zus\u00e4tzliche Feiertage.<br><br>Zum Beispiel ist der <strong>8. M\u00e4rz nur in Berlin<\/strong> ein <strong>Feiertag<\/strong>, wo der Internationale Frauentag begangen wird \u2013 eine einzigartige Ausnahme in Deutschland..<br><br>Hier sind die speziellen Feiertage in den Bundesl\u00e4ndern <strong>Saarland<\/strong>,<strong> Rheinland-Pfalz<\/strong> und <strong>Baden-W\u00fcrttemberg<\/strong>:&nbsp;<br><br><\/p>\n\n\n\n<ul class=\"wp-block-list\">\n<li><strong>Heilige Drei K\u00f6nige<\/strong> : 6. &nbsp;Januar \u27a1\ufe0f Nur in<strong> Baden-W\u00fcrttemberg<\/strong> ein Feiertag<br><br><\/li>\n\n\n\n<li><strong>Fronleichnam<\/strong> : 60 Tage nach Ostern \u27a1\ufe0f Feiertag in <strong>Baden-W\u00fcrttemberg<\/strong>, <strong>Rheinland-Pfalz<\/strong> und <em>Saarlan<\/em>d<br><br><\/li>\n\n\n\n<li><strong>Mari\u00e4 Himmelfahrt<\/strong> : 15. August \u27a1\ufe0f Nur im <strong>Saarland<\/strong> ein Feiertag<br><br><\/li>\n\n\n\n<li><strong>Allerheiligen<\/strong> : 1. November \u27a1\ufe0f Feiertag in den drei Bundesl\u00e4ndern: <strong>Baden-W\u00fcrttemberg<\/strong>,<strong> Rheinland-Pfalz <\/strong>und <strong>Saarland<\/strong><br><br><br><\/li>\n<\/ul>\n<\/div><\/div>\n\n\n\n<div class=\"wp-block-frontaliers-grandest-plugin-simple-infos-block\"><div class=\"simple-infos-container\" style=\"background-image:url(https:\/\/frontaliers-grandest.eu\/wp-content\/plugins\/frontaliers-grandest-plugin\/build\/simple-infos-block\/..\/images\/simple-infos-background.26777861.png);background-size:cover\"><div class=\"simple-infos-container__content\"><p class=\"simple-infos-container__content__text\">Weitere Informationen auf&nbsp; <a href=\"https:\/\/frontaliers-grandest.eu\/de\/es-ist-urlaubszeit-sprechen-wir-ueber-den-jahresurlaub-fuer-grenzgaenger\/\">https:\/\/frontaliers-grandest.eu\/de\/es-ist-urlaubszeit-sprechen-wir-ueber-den-jahresurlaub-fuer-grenzgaenger\/<\/a><\/p><\/div><\/div><\/div>\n","protected":false},"excerpt":{"rendered":"<p>Wussten Sie, dass die Feiertage in Deutschland je nach Land unterschiedlich sind?<\/p>\n","protected":false},"author":26,"featured_media":43956,"comment_status":"closed","ping_status":"open","sticky":false,"template":"","format":"standard","meta":{"inline_featured_image":false,"footnotes":""},"categories":[605],"tags":[461,432,517,653],"frge_profile":[225],"class_list":["post-43957","post","type-post","status-publish","format-standard","has-post-thumbnail","hentry","category-arbeitsrecht","tag-arbeitnehmer","tag-deutschland","tag-grengaenger","tag-urlaub","frge_profile-arbeitnehmer"],"yoast_head":"<!-- This site is optimized with the Yoast SEO plugin v27.1.1 - https:\/\/yoast.com\/product\/yoast-seo-wordpress\/ -->\n<title>Feiertage in Deutschland - Frontaliers Grand Est<\/title>\n<meta name=\"robots\" content=\"index, follow, max-snippet:-1, max-image-preview:large, max-video-preview:-1\" \/>\n<link rel=\"canonical\" href=\"https:\/\/frontaliers-grandest.eu\/de\/feiertage-in-deutschland\/\" \/>\n<meta property=\"og:locale\" content=\"de_DE\" \/>\n<meta property=\"og:type\" content=\"article\" \/>\n<meta property=\"og:title\" content=\"Feiertage in Deutschland - Frontaliers Grand Est\" \/>\n<meta property=\"og:description\" content=\"Wussten Sie, dass die Feiertage in Deutschland je nach Land unterschiedlich sind?\" \/>\n<meta property=\"og:url\" content=\"https:\/\/frontaliers-grandest.eu\/de\/feiertage-in-deutschland\/\" \/>\n<meta property=\"og:site_name\" content=\"Frontaliers Grand Est\" \/>\n<meta property=\"article:publisher\" content=\"https:\/\/www.facebook.com\/frontaliers.GR.EST\/?locale=fr_FR\" \/>\n<meta property=\"article:published_time\" content=\"2024-11-07T14:09:02+00:00\" \/>\n<meta property=\"article:modified_time\" content=\"2025-10-29T10:36:17+00:00\" \/>\n<meta property=\"og:image\" content=\"https:\/\/frontaliers-grandest.eu\/wp-content\/uploads\/2024\/11\/cat-sleeping-luggage-case-high-view-scaled.jpg\" \/>\n\t<meta property=\"og:image:width\" content=\"2560\" \/>\n\t<meta property=\"og:image:height\" content=\"1707\" \/>\n\t<meta property=\"og:image:type\" content=\"image\/jpeg\" \/>\n<meta name=\"author\" content=\"C\u00e9l\u00e9na MATEOS\" \/>\n<meta name=\"twitter:card\" content=\"summary_large_image\" \/>\n<meta name=\"twitter:label1\" content=\"Verfasst von\" \/>\n\t<meta name=\"twitter:data1\" content=\"C\u00e9l\u00e9na MATEOS\" \/>\n\t<meta name=\"twitter:label2\" content=\"Gesch\u00e4tzte Lesezeit\" \/>\n\t<meta name=\"twitter:data2\" content=\"2\u00a0Minuten\" \/>\n<script type=\"application\/ld+json\" class=\"yoast-schema-graph\">{\"@context\":\"https:\/\/schema.org\",\"@graph\":[{\"@type\":\"Article\",\"@id\":\"https:\/\/frontaliers-grandest.eu\/de\/feiertage-in-deutschland\/#article\",\"isPartOf\":{\"@id\":\"https:\/\/frontaliers-grandest.eu\/de\/feiertage-in-deutschland\/\"},\"author\":{\"name\":\"C\u00e9l\u00e9na MATEOS\",\"@id\":\"https:\/\/frontaliers-grandest.eu\/de\/#\/schema\/person\/6989c58c86cde22dcd104fa355a09d4d\"},\"headline\":\"Feiertage in Deutschland\",\"datePublished\":\"2024-11-07T14:09:02+00:00\",\"dateModified\":\"2025-10-29T10:36:17+00:00\",\"mainEntityOfPage\":{\"@id\":\"https:\/\/frontaliers-grandest.eu\/de\/feiertage-in-deutschland\/\"},\"wordCount\":223,\"publisher\":{\"@id\":\"https:\/\/frontaliers-grandest.eu\/de\/#organization\"},\"image\":{\"@id\":\"https:\/\/frontaliers-grandest.eu\/de\/feiertage-in-deutschland\/#primaryimage\"},\"thumbnailUrl\":\"https:\/\/frontaliers-grandest.eu\/wp-content\/uploads\/2024\/11\/cat-sleeping-luggage-case-high-view-scaled.jpg\",\"keywords\":[\"Arbeitnehmer\",\"Deutschland\",\"Greng\u00e4nger\",\"Urlaub\"],\"articleSection\":[\"Arbeitsrecht\"],\"inLanguage\":\"de\"},{\"@type\":\"WebPage\",\"@id\":\"https:\/\/frontaliers-grandest.eu\/de\/feiertage-in-deutschland\/\",\"url\":\"https:\/\/frontaliers-grandest.eu\/de\/feiertage-in-deutschland\/\",\"name\":\"Feiertage in Deutschland - Frontaliers Grand Est\",\"isPartOf\":{\"@id\":\"https:\/\/frontaliers-grandest.eu\/de\/#website\"},\"primaryImageOfPage\":{\"@id\":\"https:\/\/frontaliers-grandest.eu\/de\/feiertage-in-deutschland\/#primaryimage\"},\"image\":{\"@id\":\"https:\/\/frontaliers-grandest.eu\/de\/feiertage-in-deutschland\/#primaryimage\"},\"thumbnailUrl\":\"https:\/\/frontaliers-grandest.eu\/wp-content\/uploads\/2024\/11\/cat-sleeping-luggage-case-high-view-scaled.jpg\",\"datePublished\":\"2024-11-07T14:09:02+00:00\",\"dateModified\":\"2025-10-29T10:36:17+00:00\",\"inLanguage\":\"de\",\"potentialAction\":[{\"@type\":\"ReadAction\",\"target\":[\"https:\/\/frontaliers-grandest.eu\/de\/feiertage-in-deutschland\/\"]}]},{\"@type\":\"ImageObject\",\"inLanguage\":\"de\",\"@id\":\"https:\/\/frontaliers-grandest.eu\/de\/feiertage-in-deutschland\/#primaryimage\",\"url\":\"https:\/\/frontaliers-grandest.eu\/wp-content\/uploads\/2024\/11\/cat-sleeping-luggage-case-high-view-scaled.jpg\",\"contentUrl\":\"https:\/\/frontaliers-grandest.eu\/wp-content\/uploads\/2024\/11\/cat-sleeping-luggage-case-high-view-scaled.jpg\",\"width\":2560,\"height\":1707},{\"@type\":\"WebSite\",\"@id\":\"https:\/\/frontaliers-grandest.eu\/de\/#website\",\"url\":\"https:\/\/frontaliers-grandest.eu\/de\/\",\"name\":\"Frontaliers Grand Est\",\"description\":\"Le site ressource du travail frontalier\",\"publisher\":{\"@id\":\"https:\/\/frontaliers-grandest.eu\/de\/#organization\"},\"alternateName\":\"Frontaliers Grand Est\",\"potentialAction\":[{\"@type\":\"SearchAction\",\"target\":{\"@type\":\"EntryPoint\",\"urlTemplate\":\"https:\/\/frontaliers-grandest.eu\/de\/?s={search_term_string}\"},\"query-input\":{\"@type\":\"PropertyValueSpecification\",\"valueRequired\":true,\"valueName\":\"search_term_string\"}}],\"inLanguage\":\"de\"},{\"@type\":\"Organization\",\"@id\":\"https:\/\/frontaliers-grandest.eu\/de\/#organization\",\"name\":\"Frontaliers Grand Est\",\"alternateName\":\"Frontaliers Grand Est\",\"url\":\"https:\/\/frontaliers-grandest.eu\/de\/\",\"logo\":{\"@type\":\"ImageObject\",\"inLanguage\":\"de\",\"@id\":\"https:\/\/frontaliers-grandest.eu\/de\/#\/schema\/logo\/image\/\",\"url\":\"https:\/\/frontaliers-grandest.eu\/wp-content\/uploads\/2025\/07\/260328234_2966785176920310_3332838526503858160_n.jpg\",\"contentUrl\":\"https:\/\/frontaliers-grandest.eu\/wp-content\/uploads\/2025\/07\/260328234_2966785176920310_3332838526503858160_n.jpg\",\"width\":396,\"height\":396,\"caption\":\"Frontaliers Grand Est\"},\"image\":{\"@id\":\"https:\/\/frontaliers-grandest.eu\/de\/#\/schema\/logo\/image\/\"},\"sameAs\":[\"https:\/\/www.facebook.com\/frontaliers.GR.EST\/?locale=fr_FR\"]},{\"@type\":\"Person\",\"@id\":\"https:\/\/frontaliers-grandest.eu\/de\/#\/schema\/person\/6989c58c86cde22dcd104fa355a09d4d\",\"name\":\"C\u00e9l\u00e9na MATEOS\",\"image\":{\"@type\":\"ImageObject\",\"inLanguage\":\"de\",\"@id\":\"https:\/\/frontaliers-grandest.eu\/de\/#\/schema\/person\/image\/\",\"url\":\"https:\/\/secure.gravatar.com\/avatar\/70aef1fb5bf524917a21783e134892a8523d7f8706832cd12ebee90e481bdd47?s=96&d=mm&r=g\",\"contentUrl\":\"https:\/\/secure.gravatar.com\/avatar\/70aef1fb5bf524917a21783e134892a8523d7f8706832cd12ebee90e481bdd47?s=96&d=mm&r=g\",\"caption\":\"C\u00e9l\u00e9na MATEOS\"}}]}<\/script>\n<!-- \/ Yoast SEO plugin. -->","yoast_head_json":{"title":"Feiertage in Deutschland - Frontaliers Grand Est","robots":{"index":"index","follow":"follow","max-snippet":"max-snippet:-1","max-image-preview":"max-image-preview:large","max-video-preview":"max-video-preview:-1"},"canonical":"https:\/\/frontaliers-grandest.eu\/de\/feiertage-in-deutschland\/","og_locale":"de_DE","og_type":"article","og_title":"Feiertage in Deutschland - Frontaliers Grand Est","og_description":"Wussten Sie, dass die Feiertage in Deutschland je nach Land unterschiedlich sind?","og_url":"https:\/\/frontaliers-grandest.eu\/de\/feiertage-in-deutschland\/","og_site_name":"Frontaliers Grand Est","article_publisher":"https:\/\/www.facebook.com\/frontaliers.GR.EST\/?locale=fr_FR","article_published_time":"2024-11-07T14:09:02+00:00","article_modified_time":"2025-10-29T10:36:17+00:00","og_image":[{"width":2560,"height":1707,"url":"https:\/\/frontaliers-grandest.eu\/wp-content\/uploads\/2024\/11\/cat-sleeping-luggage-case-high-view-scaled.jpg","type":"image\/jpeg"}],"author":"C\u00e9l\u00e9na MATEOS","twitter_card":"summary_large_image","twitter_misc":{"Verfasst von":"C\u00e9l\u00e9na MATEOS","Gesch\u00e4tzte Lesezeit":"2\u00a0Minuten"},"schema":{"@context":"https:\/\/schema.org","@graph":[{"@type":"Article","@id":"https:\/\/frontaliers-grandest.eu\/de\/feiertage-in-deutschland\/#article","isPartOf":{"@id":"https:\/\/frontaliers-grandest.eu\/de\/feiertage-in-deutschland\/"},"author":{"name":"C\u00e9l\u00e9na MATEOS","@id":"https:\/\/frontaliers-grandest.eu\/de\/#\/schema\/person\/6989c58c86cde22dcd104fa355a09d4d"},"headline":"Feiertage in Deutschland","datePublished":"2024-11-07T14:09:02+00:00","dateModified":"2025-10-29T10:36:17+00:00","mainEntityOfPage":{"@id":"https:\/\/frontaliers-grandest.eu\/de\/feiertage-in-deutschland\/"},"wordCount":223,"publisher":{"@id":"https:\/\/frontaliers-grandest.eu\/de\/#organization"},"image":{"@id":"https:\/\/frontaliers-grandest.eu\/de\/feiertage-in-deutschland\/#primaryimage"},"thumbnailUrl":"https:\/\/frontaliers-grandest.eu\/wp-content\/uploads\/2024\/11\/cat-sleeping-luggage-case-high-view-scaled.jpg","keywords":["Arbeitnehmer","Deutschland","Greng\u00e4nger","Urlaub"],"articleSection":["Arbeitsrecht"],"inLanguage":"de"},{"@type":"WebPage","@id":"https:\/\/frontaliers-grandest.eu\/de\/feiertage-in-deutschland\/","url":"https:\/\/frontaliers-grandest.eu\/de\/feiertage-in-deutschland\/","name":"Feiertage in Deutschland - Frontaliers Grand Est","isPartOf":{"@id":"https:\/\/frontaliers-grandest.eu\/de\/#website"},"primaryImageOfPage":{"@id":"https:\/\/frontaliers-grandest.eu\/de\/feiertage-in-deutschland\/#primaryimage"},"image":{"@id":"https:\/\/frontaliers-grandest.eu\/de\/feiertage-in-deutschland\/#primaryimage"},"thumbnailUrl":"https:\/\/frontaliers-grandest.eu\/wp-content\/uploads\/2024\/11\/cat-sleeping-luggage-case-high-view-scaled.jpg","datePublished":"2024-11-07T14:09:02+00:00","dateModified":"2025-10-29T10:36:17+00:00","inLanguage":"de","potentialAction":[{"@type":"ReadAction","target":["https:\/\/frontaliers-grandest.eu\/de\/feiertage-in-deutschland\/"]}]},{"@type":"ImageObject","inLanguage":"de","@id":"https:\/\/frontaliers-grandest.eu\/de\/feiertage-in-deutschland\/#primaryimage","url":"https:\/\/frontaliers-grandest.eu\/wp-content\/uploads\/2024\/11\/cat-sleeping-luggage-case-high-view-scaled.jpg","contentUrl":"https:\/\/frontaliers-grandest.eu\/wp-content\/uploads\/2024\/11\/cat-sleeping-luggage-case-high-view-scaled.jpg","width":2560,"height":1707},{"@type":"WebSite","@id":"https:\/\/frontaliers-grandest.eu\/de\/#website","url":"https:\/\/frontaliers-grandest.eu\/de\/","name":"Frontaliers Grand Est","description":"Le site ressource du travail frontalier","publisher":{"@id":"https:\/\/frontaliers-grandest.eu\/de\/#organization"},"alternateName":"Frontaliers Grand Est","potentialAction":[{"@type":"SearchAction","target":{"@type":"EntryPoint","urlTemplate":"https:\/\/frontaliers-grandest.eu\/de\/?s={search_term_string}"},"query-input":{"@type":"PropertyValueSpecification","valueRequired":true,"valueName":"search_term_string"}}],"inLanguage":"de"},{"@type":"Organization","@id":"https:\/\/frontaliers-grandest.eu\/de\/#organization","name":"Frontaliers Grand Est","alternateName":"Frontaliers Grand Est","url":"https:\/\/frontaliers-grandest.eu\/de\/","logo":{"@type":"ImageObject","inLanguage":"de","@id":"https:\/\/frontaliers-grandest.eu\/de\/#\/schema\/logo\/image\/","url":"https:\/\/frontaliers-grandest.eu\/wp-content\/uploads\/2025\/07\/260328234_2966785176920310_3332838526503858160_n.jpg","contentUrl":"https:\/\/frontaliers-grandest.eu\/wp-content\/uploads\/2025\/07\/260328234_2966785176920310_3332838526503858160_n.jpg","width":396,"height":396,"caption":"Frontaliers Grand Est"},"image":{"@id":"https:\/\/frontaliers-grandest.eu\/de\/#\/schema\/logo\/image\/"},"sameAs":["https:\/\/www.facebook.com\/frontaliers.GR.EST\/?locale=fr_FR"]},{"@type":"Person","@id":"https:\/\/frontaliers-grandest.eu\/de\/#\/schema\/person\/6989c58c86cde22dcd104fa355a09d4d","name":"C\u00e9l\u00e9na MATEOS","image":{"@type":"ImageObject","inLanguage":"de","@id":"https:\/\/frontaliers-grandest.eu\/de\/#\/schema\/person\/image\/","url":"https:\/\/secure.gravatar.com\/avatar\/70aef1fb5bf524917a21783e134892a8523d7f8706832cd12ebee90e481bdd47?s=96&d=mm&r=g","contentUrl":"https:\/\/secure.gravatar.com\/avatar\/70aef1fb5bf524917a21783e134892a8523d7f8706832cd12ebee90e481bdd47?s=96&d=mm&r=g","caption":"C\u00e9l\u00e9na MATEOS"}}]}},"_links":{"self":[{"href":"https:\/\/frontaliers-grandest.eu\/de\/wp-json\/wp\/v2\/posts\/43957","targetHints":{"allow":["GET"]}}],"collection":[{"href":"https:\/\/frontaliers-grandest.eu\/de\/wp-json\/wp\/v2\/posts"}],"about":[{"href":"https:\/\/frontaliers-grandest.eu\/de\/wp-json\/wp\/v2\/types\/post"}],"author":[{"embeddable":true,"href":"https:\/\/frontaliers-grandest.eu\/de\/wp-json\/wp\/v2\/users\/26"}],"replies":[{"embeddable":true,"href":"https:\/\/frontaliers-grandest.eu\/de\/wp-json\/wp\/v2\/comments?post=43957"}],"version-history":[{"count":19,"href":"https:\/\/frontaliers-grandest.eu\/de\/wp-json\/wp\/v2\/posts\/43957\/revisions"}],"predecessor-version":[{"id":54387,"href":"https:\/\/frontaliers-grandest.eu\/de\/wp-json\/wp\/v2\/posts\/43957\/revisions\/54387"}],"wp:featuredmedia":[{"embeddable":true,"href":"https:\/\/frontaliers-grandest.eu\/de\/wp-json\/wp\/v2\/media\/43956"}],"wp:attachment":[{"href":"https:\/\/frontaliers-grandest.eu\/de\/wp-json\/wp\/v2\/media?parent=43957"}],"wp:term":[{"taxonomy":"category","embeddable":true,"href":"https:\/\/frontaliers-grandest.eu\/de\/wp-json\/wp\/v2\/categories?post=43957"},{"taxonomy":"post_tag","embeddable":true,"href":"https:\/\/frontaliers-grandest.eu\/de\/wp-json\/wp\/v2\/tags?post=43957"},{"taxonomy":"frge_profile","embeddable":true,"href":"https:\/\/frontaliers-grandest.eu\/de\/wp-json\/wp\/v2\/frge_profile?post=43957"}],"curies":[{"name":"wp","href":"https:\/\/api.w.org\/{rel}","templated":true}]}}